{"id":5810,"date":"2023-11-20T00:32:37","date_gmt":"2023-11-20T03:32:37","guid":{"rendered":"https:\/\/lametro989.com\/?p=5810"},"modified":"2023-11-20T00:32:37","modified_gmt":"2023-11-20T03:32:37","slug":"leandro-zdero-tras-los-resultados-electorales-asi-como-cambio-el-chaco-ahora-cambia-la-argentina","status":"publish","type":"post","link":"https:\/\/lametro989.com\/?p=5810","title":{"rendered":"Leandro Zdero tras los resultados electorales: \u201cAs\u00ed como cambi\u00f3 el Chaco, ahora cambia la Argentina\u201d"},"content":{"rendered":"\n<p>A trav\u00e9s de X, el gobernador electo se refiri\u00f3 al triunfo de Javier Milei como pr\u00f3ximo presidente de las y los argentinos.<\/p>\n\n\n\n<figure class=\"wp-block-image size-full\"><img loading=\"lazy\" decoding=\"async\" width=\"696\" height=\"526\" src=\"https:\/\/lametro989.com\/wp-content\/uploads\/2023\/11\/imagen-112.png\" alt=\"\" class=\"wp-image-5811\" srcset=\"https:\/\/lametro989.com\/wp-content\/uploads\/2023\/11\/imagen-112.png 696w, https:\/\/lametro989.com\/wp-content\/uploads\/2023\/11\/imagen-112-300x227.png 300w\" sizes=\"auto, (max-width: 696px) 100vw, 696px\" \/><\/figure>\n\n\n\n<p><strong>Leandro Zdero<\/strong>, gobernador electo de la provincia del Chaco, se refiri\u00f3 al triunfo de Javier Milei como pr\u00f3ximo presidente de todas y todos los argentinos:\u00a0\u201c<em><strong>As\u00ed como cambi\u00f3 el Chaco, ahora cambia la Argentina<\/strong><\/em>\u201d, escribi\u00f3 el pr\u00f3ximo mandatario provincial, en un escueto comunicado a trav\u00e9s de la red social X (ex Twitter).<\/p>\n","protected":false},"excerpt":{"rendered":"<p>A trav\u00e9s de X, el gobernador electo se refiri\u00f3 al triunfo de Javier Milei como pr\u00f3ximo presidente de las y los argentinos. Leandro Zdero, gobernador&hellip; <\/p>\n","protected":false},"author":2,"featured_media":5811,"comment_status":"open","ping_status":"open","sticky":false,"template":"","format":"standard","meta":{"footnotes":""},"categories":[9,2],"tags":[],"class_list":["post-5810","post","type-post","status-publish","format-standard","has-post-thumbnail","hentry","category-destacadas","category-provinciales"],"_links":{"self":[{"href":"https:\/\/lametro989.com\/index.php?rest_route=\/wp\/v2\/posts\/5810","targetHints":{"allow":["GET"]}}],"collection":[{"href":"https:\/\/lametro989.com\/index.php?rest_route=\/wp\/v2\/posts"}],"about":[{"href":"https:\/\/lametro989.com\/index.php?rest_route=\/wp\/v2\/types\/post"}],"author":[{"embeddable":true,"href":"https:\/\/lametro989.com\/index.php?rest_route=\/wp\/v2\/users\/2"}],"replies":[{"embeddable":true,"href":"https:\/\/lametro989.com\/index.php?rest_route=%2Fwp%2Fv2%2Fcomments&post=5810"}],"version-history":[{"count":1,"href":"https:\/\/lametro989.com\/index.php?rest_route=\/wp\/v2\/posts\/5810\/revisions"}],"predecessor-version":[{"id":5812,"href":"https:\/\/lametro989.com\/index.php?rest_route=\/wp\/v2\/posts\/5810\/revisions\/5812"}],"wp:featuredmedia":[{"embeddable":true,"href":"https:\/\/lametro989.com\/index.php?rest_route=\/wp\/v2\/media\/5811"}],"wp:attachment":[{"href":"https:\/\/lametro989.com\/index.php?rest_route=%2Fwp%2Fv2%2Fmedia&parent=5810"}],"wp:term":[{"taxonomy":"category","embeddable":true,"href":"https:\/\/lametro989.com\/index.php?rest_route=%2Fwp%2Fv2%2Fcategories&post=5810"},{"taxonomy":"post_tag","embeddable":true,"href":"https:\/\/lametro989.com\/index.php?rest_route=%2Fwp%2Fv2%2Ftags&post=5810"}],"curies":[{"name":"wp","href":"https:\/\/api.w.org\/{rel}","templated":true}]}}