{"id":5836,"date":"2023-11-28T23:30:51","date_gmt":"2023-11-29T02:30:51","guid":{"rendered":"https:\/\/lametro989.com\/?p=5836"},"modified":"2023-11-28T23:30:51","modified_gmt":"2023-11-29T02:30:51","slug":"tras-el-fallo-en-su-contra-cfk-cuestiono-a-la-justicia-y-cruzo-a-macri-confirmo-su-impunidad","status":"publish","type":"post","link":"https:\/\/lametro989.com\/?p=5836","title":{"rendered":"Tras el fallo en su contra, CFK cuestion\u00f3 a la Justicia y cruz\u00f3 a Macri: &#8220;Confirm\u00f3 su impunidad&#8221;"},"content":{"rendered":"\n<p>Cristina Kirchner dijo que Mauricio Macri &#8220;confirm\u00f3 su impunidad&#8221; tras ser sobrese\u00eddo en la causa de espionaje a familiares de v\u00edctimas del ARA San Juan y lograr que se suspendan las elecciones en Boca.\u00a0<\/p>\n\n\n\n<figure class=\"wp-block-image size-full\"><img loading=\"lazy\" decoding=\"async\" width=\"850\" height=\"540\" src=\"https:\/\/lametro989.com\/wp-content\/uploads\/2023\/11\/imagen-117.png\" alt=\"\" class=\"wp-image-5837\" srcset=\"https:\/\/lametro989.com\/wp-content\/uploads\/2023\/11\/imagen-117.png 850w, https:\/\/lametro989.com\/wp-content\/uploads\/2023\/11\/imagen-117-300x191.png 300w, https:\/\/lametro989.com\/wp-content\/uploads\/2023\/11\/imagen-117-768x488.png 768w\" sizes=\"auto, (max-width: 850px) 100vw, 850px\" \/><\/figure>\n\n\n\n<p>Luego de que la Justicia le revocara el sobreseimiento en la causa &#8220;ruta del dinero K&#8221; a<strong> Cristina Fern\u00e1ndez de Kirchner<\/strong> se expres\u00f3 a trav\u00e9s de su cuenta persona de X para reaccionar a los fallos judiciales que se conocieron en las \u00faltimas horas, que tambi\u00e9n involucran a Mauricio Macri.<div class=\"wrapper\"><article id=\"item\" itemscope=\"itemscope\" itemtype=\"http:\/\/schema.org\/NewsArticle\"><section class=\"body\"><section class=\"content\"><div class=\"main-text\"><p>La C\u00e1mara Federal revirti\u00f3 este martes 28 de noviembre un fallo de  primera instancia del juez Casanello, en la causa por lavado de dinero  donde la Vicepresidente hab\u00eda sido investigada durante diez a\u00f1os y  sobrese\u00edda. <strong>Pero ahora, el Tribunal hizo lugar al pedido de una  ONG y el juez federal Sebasti\u00e1n Casanello va a tener que seguir  investig\u00e1ndola.<\/strong><\/p><\/div><\/section><\/section><\/article><\/div><\/p>\n\n\n\n<p>Cabe resaltar que, en el mismo d\u00eda, el expresidente fue sobrese\u00eddo en la causa del ARA San Juan por espionaje ilegal a familiares de las 44 v\u00edctimas del hundimiento del submarino ARA San Juan, ocurrido en noviembre de 2017. La decisi\u00f3n de la sala II del m\u00e1ximo tribunal penal del pa\u00eds abarc\u00f3 adem\u00e1s a los extitulares de la AFI en su gobierno<strong>, Gustavo Arribas y Silvia Majdalani y a 9 exagentes que estaban imputados en la causa.<\/strong><\/p>\n\n\n\n<p>&#8220;Postales de una ma\u00f1ana argentina: Macri confirm\u00f3 su impunidad en la causa por la muerte de los 44 tripulantes del ARA San Juan, revoc\u00f3 mi sobreseimiento en la causa del <strong>\u2018dinero K\u2019<\/strong> y, como parece que no gana, consigui\u00f3 que el poder judicial suspenda las elecciones en Boca a cinco d\u00edas de su realizaci\u00f3n&#8221;, asegur\u00f3 CFK desde su cuenta de X (ex Twitter).<\/p>\n\n\n\n<p>&#8220;Pensar que en Argentina todav\u00eda hay quienes hablan de la independencia del Poder Judicial y no se les cae la cara&#8221;, concluy\u00f3 y remat\u00f3 su posteo con su estilo: <strong>&#8220;\u00a1Mamita!&#8221;.<\/strong><\/p>\n","protected":false},"excerpt":{"rendered":"<p>Cristina Kirchner dijo que Mauricio Macri &#8220;confirm\u00f3 su impunidad&#8221; tras ser sobrese\u00eddo en la causa de espionaje a familiares de v\u00edctimas del ARA San Juan&hellip; <\/p>\n","protected":false},"author":2,"featured_media":5837,"comment_status":"open","ping_status":"open","sticky":false,"template":"","format":"standard","meta":{"footnotes":""},"categories":[9,5],"tags":[],"class_list":["post-5836","post","type-post","status-publish","format-standard","has-post-thumbnail","hentry","category-destacadas","category-politica"],"_links":{"self":[{"href":"https:\/\/lametro989.com\/index.php?rest_route=\/wp\/v2\/posts\/5836","targetHints":{"allow":["GET"]}}],"collection":[{"href":"https:\/\/lametro989.com\/index.php?rest_route=\/wp\/v2\/posts"}],"about":[{"href":"https:\/\/lametro989.com\/index.php?rest_route=\/wp\/v2\/types\/post"}],"author":[{"embeddable":true,"href":"https:\/\/lametro989.com\/index.php?rest_route=\/wp\/v2\/users\/2"}],"replies":[{"embeddable":true,"href":"https:\/\/lametro989.com\/index.php?rest_route=%2Fwp%2Fv2%2Fcomments&post=5836"}],"version-history":[{"count":1,"href":"https:\/\/lametro989.com\/index.php?rest_route=\/wp\/v2\/posts\/5836\/revisions"}],"predecessor-version":[{"id":5838,"href":"https:\/\/lametro989.com\/index.php?rest_route=\/wp\/v2\/posts\/5836\/revisions\/5838"}],"wp:featuredmedia":[{"embeddable":true,"href":"https:\/\/lametro989.com\/index.php?rest_route=\/wp\/v2\/media\/5837"}],"wp:attachment":[{"href":"https:\/\/lametro989.com\/index.php?rest_route=%2Fwp%2Fv2%2Fmedia&parent=5836"}],"wp:term":[{"taxonomy":"category","embeddable":true,"href":"https:\/\/lametro989.com\/index.php?rest_route=%2Fwp%2Fv2%2Fcategories&post=5836"},{"taxonomy":"post_tag","embeddable":true,"href":"https:\/\/lametro989.com\/index.php?rest_route=%2Fwp%2Fv2%2Ftags&post=5836"}],"curies":[{"name":"wp","href":"https:\/\/api.w.org\/{rel}","templated":true}]}}