{"id":584,"date":"2023-06-30T20:29:12","date_gmt":"2023-06-30T23:29:12","guid":{"rendered":"https:\/\/lametro989.com\/?p=584"},"modified":"2023-06-30T20:29:12","modified_gmt":"2023-06-30T23:29:12","slug":"la-argentina-concreto-pago-al-fmi-y-una-mision-tecnica-viaja-a-washington-para-cerrar-el-acuerdo","status":"publish","type":"post","link":"https:\/\/lametro989.com\/?p=584","title":{"rendered":"La Argentina concret\u00f3 pago al FMI y una misi\u00f3n t\u00e9cnica viaja a Washington para cerrar el acuerdo"},"content":{"rendered":"\n<p>El Ministerio de Econom\u00eda, inform\u00f3 este viernes que &#8220;se hizo el pago de los vencimientos de junio&#8221; al Fondo Monetario Internacional (FMI), &#8220;sin usar d\u00f3lares sino DEG (Derechos Especiales de Giro) y yuanes&#8221; equivalentes a US$ 2.700 millones que conformaban el compromiso.<\/p>\n\n\n\n<figure class=\"wp-block-image size-full\"><img loading=\"lazy\" decoding=\"async\" width=\"696\" height=\"392\" src=\"https:\/\/lametro989.com\/wp-content\/uploads\/2023\/06\/imagen-41.png\" alt=\"\" class=\"wp-image-585\" srcset=\"https:\/\/lametro989.com\/wp-content\/uploads\/2023\/06\/imagen-41.png 696w, https:\/\/lametro989.com\/wp-content\/uploads\/2023\/06\/imagen-41-300x169.png 300w\" sizes=\"auto, (max-width: 696px) 100vw, 696px\" \/><\/figure>\n\n\n\n<p>Asimismo, la cartera que conduce el ministro Sergio Massa indic\u00f3 que &#8220;con el objetivo de acordar el staff level agreement, un equipo econ\u00f3mico encabezado por Leonardo Madcur y Gabriel Rubinstein viaja a Estados Unidos a principios de la semana entrante&#8221;.<\/p>\n\n\n\n<p>Casi en simult\u00e1neo, el FMI, a trav\u00e9s de Julie Kozack, directora de Comunicaciones, emiti\u00f3 hoy una declaraci\u00f3n despu\u00e9s de una reuni\u00f3n informal de rutina del Directorio Ejecutivo sobre Argentina que tuvo lugar ayer, seg\u00fan revel\u00f3 el organismo.<\/p>\n\n\n\n<p>\u201cEl personal del FMI y las autoridades argentinas continuar\u00e1n avanzando en su trabajo conjunto en los pr\u00f3ximos d\u00edas, con el objetivo de llegar a un acuerdo sobre la quinta revisi\u00f3n del programa&#8221; respaldado por el Fondo, se\u00f1al\u00f3 el comunicado.<\/p>\n\n\n\n<p>Kozack agreg\u00f3 que \u201clas discusiones t\u00e9cnicas contin\u00faan sobre un paquete de pol\u00edticas para salvaguardar la estabilidad econ\u00f3mica, en el contexto de una situaci\u00f3n desafiante, en parte afectada por la sequ\u00eda hist\u00f3rica&#8221;.<\/p>\n\n\n\n<p>&#8220;Las discusiones -precis\u00f3 el escrito- est\u00e1n enfocadas en fortalecer las pol\u00edticas macroecon\u00f3micas para apoyar la acumulaci\u00f3n de reservas y mejorar la sostenibilidad fiscal, protegiendo al mismo tiempo a los m\u00e1s vulnerables&#8221;.<\/p>\n\n\n\n<p>Desde el Ministerio de Econom\u00eda confirmaron el pago el Fondo, y adelantaron a T\u00e9lam que una misi\u00f3n t\u00e9cnica liderada por el viceministro de Econom\u00eda, Gabriel Rubinstein, y el jefe de asesores, Leonardo Madcur, viajar\u00e1n a Washington DC para ultimar los detalles del cierre del acuerdo &#8220;que viene muy bien&#8221;.<\/p>\n\n\n\n<p>El ministro y precandidato de Uni\u00f3n por la Patria, Sergio Massa, solicit\u00f3 reformular metas y desembolsos del acuerdo vigente, para poder afrontar el impacto de la sequ\u00eda, que peg\u00f3 de lleno en las reservas y en la econom\u00eda.<\/p>\n","protected":false},"excerpt":{"rendered":"<p>El Ministerio de Econom\u00eda, inform\u00f3 este viernes que &#8220;se hizo el pago de los vencimientos de junio&#8221; al Fondo Monetario Internacional (FMI), &#8220;sin usar d\u00f3lares&hellip; <\/p>\n","protected":false},"author":2,"featured_media":585,"comment_status":"open","ping_status":"open","sticky":false,"template":"","format":"standard","meta":{"footnotes":""},"categories":[13],"tags":[],"class_list":["post-584","post","type-post","status-publish","format-standard","has-post-thumbnail","hentry","category-nacionales"],"_links":{"self":[{"href":"https:\/\/lametro989.com\/index.php?rest_route=\/wp\/v2\/posts\/584","targetHints":{"allow":["GET"]}}],"collection":[{"href":"https:\/\/lametro989.com\/index.php?rest_route=\/wp\/v2\/posts"}],"about":[{"href":"https:\/\/lametro989.com\/index.php?rest_route=\/wp\/v2\/types\/post"}],"author":[{"embeddable":true,"href":"https:\/\/lametro989.com\/index.php?rest_route=\/wp\/v2\/users\/2"}],"replies":[{"embeddable":true,"href":"https:\/\/lametro989.com\/index.php?rest_route=%2Fwp%2Fv2%2Fcomments&post=584"}],"version-history":[{"count":1,"href":"https:\/\/lametro989.com\/index.php?rest_route=\/wp\/v2\/posts\/584\/revisions"}],"predecessor-version":[{"id":586,"href":"https:\/\/lametro989.com\/index.php?rest_route=\/wp\/v2\/posts\/584\/revisions\/586"}],"wp:featuredmedia":[{"embeddable":true,"href":"https:\/\/lametro989.com\/index.php?rest_route=\/wp\/v2\/media\/585"}],"wp:attachment":[{"href":"https:\/\/lametro989.com\/index.php?rest_route=%2Fwp%2Fv2%2Fmedia&parent=584"}],"wp:term":[{"taxonomy":"category","embeddable":true,"href":"https:\/\/lametro989.com\/index.php?rest_route=%2Fwp%2Fv2%2Fcategories&post=584"},{"taxonomy":"post_tag","embeddable":true,"href":"https:\/\/lametro989.com\/index.php?rest_route=%2Fwp%2Fv2%2Ftags&post=584"}],"curies":[{"name":"wp","href":"https:\/\/api.w.org\/{rel}","templated":true}]}}