{"id":5860,"date":"2023-11-29T00:21:59","date_gmt":"2023-11-29T03:21:59","guid":{"rendered":"https:\/\/lametro989.com\/?p=5860"},"modified":"2023-11-29T00:21:59","modified_gmt":"2023-11-29T03:21:59","slug":"el-fmi-esta-muy-interesado-en-apoyar-a-la-argentina-con-un-prestamo","status":"publish","type":"post","link":"https:\/\/lametro989.com\/?p=5860","title":{"rendered":"El FMI est\u00e1 &#8220;muy interesado&#8221; en apoyar a la Argentina con un pr\u00e9stamo"},"content":{"rendered":"\n<p>As\u00ed lo afirm\u00f3 Kristalina Georgieva, quien mencion\u00f3 que el organismo podr\u00eda dar financiamiento a trav\u00e9s del Fondo de Resiliencia y Sostenibilidad. <strong>El Fondo Monetario Internacional (FMI) est\u00e1 &#8220;muy interesado&#8221; en apoyar a la Argentina, afirm\u00f3 este mi\u00e9rcoles la directora del organismo, Kristalina Georgieva, quien se\u00f1al\u00f3 que el pa\u00eds podr\u00eda ser candidato para recibir financiamiento a trav\u00e9s de su Fondo de Resiliencia y Sostenibilidad.<\/strong><\/p>\n\n\n\n<figure class=\"wp-block-image size-full\"><img loading=\"lazy\" decoding=\"async\" width=\"850\" height=\"475\" src=\"https:\/\/lametro989.com\/wp-content\/uploads\/2023\/11\/imagen-125.png\" alt=\"\" class=\"wp-image-5861\" srcset=\"https:\/\/lametro989.com\/wp-content\/uploads\/2023\/11\/imagen-125.png 850w, https:\/\/lametro989.com\/wp-content\/uploads\/2023\/11\/imagen-125-300x168.png 300w, https:\/\/lametro989.com\/wp-content\/uploads\/2023\/11\/imagen-125-768x429.png 768w\" sizes=\"auto, (max-width: 850px) 100vw, 850px\" \/><\/figure>\n\n\n\n<p>La titular del FMI mantuvo el viernes pasado una primera reuni\u00f3n virtual con el presidente electo, Javier Milei, y describi\u00f3 ese encuentro como un &#8220;compromiso muy constructivo, una discusi\u00f3n muy seria&#8221;.<\/p>\n\n\n\n<p>&#8220;Veremos c\u00f3mo va el compromiso, pero es un primer paso prometedor&#8221;, expres\u00f3 Georgieva en una entrevista con la agencia Reuters.<\/p>\n\n\n\n<p>En esa l\u00ednea,<strong> la directora del Fondo afirm\u00f3 que &#8220;la forma m\u00e1s importante en que Argentina puede ayudarse a s\u00ed misma es abordando los desequilibrios macroecon\u00f3micos que se han acumulado&#8221;, y agreg\u00f3: &#8220;Pero, claro est\u00e1, estamos muy interesados en apoyar a Argentina, abordar el profundo problema de la inflaci\u00f3n, crear un entorno para un crecimiento liderado por el sector privado que pueda estimular aumentar el empleo y la econom\u00eda en general&#8221;.<\/strong><\/p>\n\n\n\n<p>Georgieva dijo que estaba interesada en discutir c\u00f3mo Argentina podr\u00eda volverse menos vulnerable a los eventos clim\u00e1ticos, tal como la sequ\u00eda que golpe\u00f3 a sus exportaciones agropecuarias este a\u00f1o. &#8220;Tienen problemas estructurales muy importantes que el fondo puede ayudarlos a resolver, as\u00ed como problemas de adaptaci\u00f3n muy importantes&#8221;, se\u00f1al\u00f3.<\/p>\n\n\n\n<p>Por su parte, Milei estuvo en Washington cerca de 20 horas y ya emprendi\u00f3 su regreso a Buenos Aires, a donde arribar\u00e1 a las 5 de la ma\u00f1ana del mi\u00e9rcoles. Durante ese viaje rel\u00e1mpago por la capital estadounidense, fue recibido en la Casa Blanca por Jake Sullivan, consejero del presidente Joe Biden. Al mismo tiempo, dos integrantes de su comitiva, el futuro jefe de Gabinete, Nicol\u00e1s Posse, y el probable ministro de Econom\u00eda, Luis &#8220;Toto&#8221; Caputo y Nicol\u00e1s Posse, mantendr\u00e1n una reuni\u00f3n con los t\u00e9cnicos del FMI que siguen el &#8220;caso argentino&#8221;.<\/p>\n\n\n\n<h2 class=\"wp-block-heading\">QU\u00c9 ES EL FONDO DE RESILIENCIA Y SOSTENIBILIDAD<\/h2>\n\n\n\n<p>Se trata de una l\u00ednea lanzada en 2022 para ayudar a los pa\u00edses insulares y de ingresos medios vulnerables, que cumplan con una serie de condiciones previas, incluido tener un programa del FMI al que deber\u00edan quedarle al menos 18 meses por delante, as\u00ed como una deuda sostenible y con capacidad adecuada de pago.<\/p>\n\n\n\n<p>No queda claro c\u00f3mo se ver\u00eda afectada la posibilidad de que la Argentina recurra al RST si su programa de 44.000 millones de d\u00f3lares del FMI -el mayor del Fondo- tuviera desv\u00edos y se agotara en septiembre de 2024.<\/p>\n","protected":false},"excerpt":{"rendered":"<p>As\u00ed lo afirm\u00f3 Kristalina Georgieva, quien mencion\u00f3 que el organismo podr\u00eda dar financiamiento a trav\u00e9s del Fondo de Resiliencia y Sostenibilidad. El Fondo Monetario Internacional&hellip; <\/p>\n","protected":false},"author":2,"featured_media":5861,"comment_status":"open","ping_status":"open","sticky":false,"template":"","format":"standard","meta":{"footnotes":""},"categories":[5],"tags":[],"class_list":["post-5860","post","type-post","status-publish","format-standard","has-post-thumbnail","hentry","category-politica"],"_links":{"self":[{"href":"https:\/\/lametro989.com\/index.php?rest_route=\/wp\/v2\/posts\/5860","targetHints":{"allow":["GET"]}}],"collection":[{"href":"https:\/\/lametro989.com\/index.php?rest_route=\/wp\/v2\/posts"}],"about":[{"href":"https:\/\/lametro989.com\/index.php?rest_route=\/wp\/v2\/types\/post"}],"author":[{"embeddable":true,"href":"https:\/\/lametro989.com\/index.php?rest_route=\/wp\/v2\/users\/2"}],"replies":[{"embeddable":true,"href":"https:\/\/lametro989.com\/index.php?rest_route=%2Fwp%2Fv2%2Fcomments&post=5860"}],"version-history":[{"count":1,"href":"https:\/\/lametro989.com\/index.php?rest_route=\/wp\/v2\/posts\/5860\/revisions"}],"predecessor-version":[{"id":5862,"href":"https:\/\/lametro989.com\/index.php?rest_route=\/wp\/v2\/posts\/5860\/revisions\/5862"}],"wp:featuredmedia":[{"embeddable":true,"href":"https:\/\/lametro989.com\/index.php?rest_route=\/wp\/v2\/media\/5861"}],"wp:attachment":[{"href":"https:\/\/lametro989.com\/index.php?rest_route=%2Fwp%2Fv2%2Fmedia&parent=5860"}],"wp:term":[{"taxonomy":"category","embeddable":true,"href":"https:\/\/lametro989.com\/index.php?rest_route=%2Fwp%2Fv2%2Fcategories&post=5860"},{"taxonomy":"post_tag","embeddable":true,"href":"https:\/\/lametro989.com\/index.php?rest_route=%2Fwp%2Fv2%2Ftags&post=5860"}],"curies":[{"name":"wp","href":"https:\/\/api.w.org\/{rel}","templated":true}]}}