{"id":587,"date":"2023-06-30T20:40:40","date_gmt":"2023-06-30T23:40:40","guid":{"rendered":"https:\/\/lametro989.com\/?p=587"},"modified":"2023-06-30T20:40:40","modified_gmt":"2023-06-30T23:40:40","slug":"capitanich-superviso-la-entrega-de-plantines-y-materiales-a-una-empresa-de-frutillas-y-nueces","status":"publish","type":"post","link":"https:\/\/lametro989.com\/?p=587","title":{"rendered":"Capitanich supervis\u00f3 la entrega de plantines y materiales a una empresa de frutillas y nueces"},"content":{"rendered":"\n<p>El gobernador Jorge Capitanich y el intendente de Colonia Popular, Juan Carlos Plozzer, visitaron este viernes el establecimiento Chaco Pec\u00e1n, donde se siembran, de forma combinada, frutillas y nueces. &#8220;<strong>Frutillas y nueces pec\u00e1n generan una matriz productiva diversificada e innovadora para el Chaco<\/strong>&#8220;, destac\u00f3.<\/p>\n\n\n\n<figure class=\"wp-block-image size-full\"><img loading=\"lazy\" decoding=\"async\" width=\"850\" height=\"566\" src=\"https:\/\/lametro989.com\/wp-content\/uploads\/2023\/06\/imagen-42.png\" alt=\"\" class=\"wp-image-588\" srcset=\"https:\/\/lametro989.com\/wp-content\/uploads\/2023\/06\/imagen-42.png 850w, https:\/\/lametro989.com\/wp-content\/uploads\/2023\/06\/imagen-42-300x200.png 300w, https:\/\/lametro989.com\/wp-content\/uploads\/2023\/06\/imagen-42-768x511.png 768w\" sizes=\"auto, (max-width: 850px) 100vw, 850px\" \/><\/figure>\n\n\n\n<p>&#8220;Desarrollamos un ambicioso programa que contempla la entrega de materiales de producci\u00f3n y plantines de frutillas, el cual tuvo como resultado que en cinco a\u00f1os se aument\u00f3 la superficie sembrada de frutillas, pasando de 0,3 a 12 hect\u00e1reas distribuidas en diferentes puntos de la provincia&#8221;, se\u00f1al\u00f3 el mandatario.<\/p>\n\n\n\n<figure class=\"wp-block-image\"><img decoding=\"async\" src=\"https:\/\/www.diariochaco.com\/content\/bucket\/5\/578885h720.jpg.webp\" alt=\"Capitanich supervis\u00f3 la entrega de plantines y materiales a una empresa de frutillas y nueces \"\/><figcaption class=\"wp-element-caption\">Capitanich supervis\u00f3 la entrega de plantines y materiales a una empresa de frutillas y nueces<\/figcaption><\/figure>\n\n\n\n<p>Chaco Pec\u00e1n se encuentra en Colonia Popular y cultiva la variedad de frutillas que se conoce como Camino Real que proviene de la Patagonia Argentina. &#8220;Se trata de un emprendimiento innovador ya que las frutillas son cultivadas entre los nogales de nueces Pec\u00e1n&#8221;, expresaron.<\/p>\n\n\n\n<p>El mes pasado, la firma recibi\u00f3 por parte del Gobierno provincial 16.000 plantines de frutillas, manta t\u00e9rmica, cinta de riego por goteo, conectores y material para mulching pl\u00e1stico, una t\u00e9cnica que protege a las plantas de las bajas temperaturas.<\/p>\n\n\n\n<p>Durante su visita, <strong>el gobernador indic\u00f3 que el programa posibilit\u00f3 pasar de 15.000 plantas de frutillas en el 2019 a un total de 600.000 este a\u00f1o<\/strong>. Lo que, adem\u00e1s, impact\u00f3 en el n\u00famero de productoras y productores beneficiarios pasando de 10 a 120 en la provincia.<ins><\/ins><\/p>\n\n\n\n<p>&#8220;Esto implica un efecto multiplicador en el desenvolvimiento y en el desarrollo productivo de la provincia&#8221;, sostuvo el gobernador, y record\u00f3 que las frutillas chaque\u00f1as se comercializan con la firma Danone de La Seren\u00edsima para la fabricaci\u00f3n de yogur.<\/p>\n\n\n\n<p>En este sentido, Capitanich reiter\u00f3 que &#8220;el Gobierno sigue acompa\u00f1ando a\u00f1o tras a\u00f1o a peque\u00f1os productores para la incorporaci\u00f3n de nuevas alternativas de producci\u00f3n de frutas&#8221;. En la recorrida lo acompa\u00f1aron el ministro de Producci\u00f3n, Industria y Empleo, Sebasti\u00e1n Lifton; la subsecretaria de Agricultura, Flavia Franchescutti; el propietario del establecimiento, Daniel Maier, y el diputado provincial Hugo Sager.<\/p>\n\n\n\n<p>Daniel Maier destac\u00f3 el acompa\u00f1amiento del Gobierno provincial e indic\u00f3 que su objetivo es generar un espectro productivo m\u00e1s diverso y variado.<strong> La siembra de frutillas en su emprendimiento fue en mayo y la cosecha est\u00e1 prevista para fines de noviembre, esperando contar con 10.000 kilos.<\/strong><\/p>\n\n\n\n<p>Por su parte, el ministro Lifton resalt\u00f3 que la producci\u00f3n de frutillas tiene a nivel nacional un posicionamiento muy importante. <strong>&#8220;Chaco cuenta con un total de 600.000 plantines de frutillas aportados por el Gobierno provincial y otros 200.000 de iniciativas privadas que se cosechar\u00e1n en esta campa\u00f1a 2023&#8221;<\/strong>, detall\u00f3.<\/p>\n\n\n\n<p>El funcionario record\u00f3 que a\u00f1os atr\u00e1s en la provincia no se produc\u00edan frutillas. &#8220;Luego de la insistencia del gobernador hoy se produce en Juan Jos\u00e9 Castelli, Tres Isletas, General San Mart\u00edn, Colonia Popular, Laguna Blanca, La Eduvigis, Colonia Ben\u00edtez, Puerto Tirol y Margarita Bel\u00e9n&#8221;, se\u00f1al\u00f3 Lifton.<\/p>\n","protected":false},"excerpt":{"rendered":"<p>El gobernador Jorge Capitanich y el intendente de Colonia Popular, Juan Carlos Plozzer, visitaron este viernes el establecimiento Chaco Pec\u00e1n, donde se siembran, de forma&hellip; <\/p>\n","protected":false},"author":2,"featured_media":588,"comment_status":"open","ping_status":"open","sticky":false,"template":"","format":"standard","meta":{"footnotes":""},"categories":[9,5],"tags":[],"class_list":["post-587","post","type-post","status-publish","format-standard","has-post-thumbnail","hentry","category-destacadas","category-politica"],"_links":{"self":[{"href":"https:\/\/lametro989.com\/index.php?rest_route=\/wp\/v2\/posts\/587","targetHints":{"allow":["GET"]}}],"collection":[{"href":"https:\/\/lametro989.com\/index.php?rest_route=\/wp\/v2\/posts"}],"about":[{"href":"https:\/\/lametro989.com\/index.php?rest_route=\/wp\/v2\/types\/post"}],"author":[{"embeddable":true,"href":"https:\/\/lametro989.com\/index.php?rest_route=\/wp\/v2\/users\/2"}],"replies":[{"embeddable":true,"href":"https:\/\/lametro989.com\/index.php?rest_route=%2Fwp%2Fv2%2Fcomments&post=587"}],"version-history":[{"count":1,"href":"https:\/\/lametro989.com\/index.php?rest_route=\/wp\/v2\/posts\/587\/revisions"}],"predecessor-version":[{"id":589,"href":"https:\/\/lametro989.com\/index.php?rest_route=\/wp\/v2\/posts\/587\/revisions\/589"}],"wp:featuredmedia":[{"embeddable":true,"href":"https:\/\/lametro989.com\/index.php?rest_route=\/wp\/v2\/media\/588"}],"wp:attachment":[{"href":"https:\/\/lametro989.com\/index.php?rest_route=%2Fwp%2Fv2%2Fmedia&parent=587"}],"wp:term":[{"taxonomy":"category","embeddable":true,"href":"https:\/\/lametro989.com\/index.php?rest_route=%2Fwp%2Fv2%2Fcategories&post=587"},{"taxonomy":"post_tag","embeddable":true,"href":"https:\/\/lametro989.com\/index.php?rest_route=%2Fwp%2Fv2%2Ftags&post=587"}],"curies":[{"name":"wp","href":"https:\/\/api.w.org\/{rel}","templated":true}]}}