{"id":590,"date":"2023-06-30T20:43:26","date_gmt":"2023-06-30T23:43:26","guid":{"rendered":"https:\/\/lametro989.com\/?p=590"},"modified":"2023-06-30T20:43:26","modified_gmt":"2023-06-30T23:43:26","slug":"avanza-la-investigacion-del-fiscal-sabadini-sobre-el-patrimonio-de-la-familia-sena","status":"publish","type":"post","link":"https:\/\/lametro989.com\/?p=590","title":{"rendered":"Avanza la investigaci\u00f3n del fiscal Sabadini sobre el patrimonio de la familia Sena"},"content":{"rendered":"\n<p>El fiscal federal avanza con su investigaci\u00f3n preliminar para determinar si\u00a0Emerenciano Sena y Marcela Acu\u00f1a cometieron adem\u00e1s alg\u00fan delito vinculado al manejo de fondos.<\/p>\n\n\n\n<figure class=\"wp-block-image size-full\"><img loading=\"lazy\" decoding=\"async\" width=\"850\" height=\"567\" src=\"https:\/\/lametro989.com\/wp-content\/uploads\/2023\/06\/imagen-43.png\" alt=\"\" class=\"wp-image-591\" srcset=\"https:\/\/lametro989.com\/wp-content\/uploads\/2023\/06\/imagen-43.png 850w, https:\/\/lametro989.com\/wp-content\/uploads\/2023\/06\/imagen-43-300x200.png 300w, https:\/\/lametro989.com\/wp-content\/uploads\/2023\/06\/imagen-43-768x512.png 768w\" sizes=\"auto, (max-width: 850px) 100vw, 850px\" \/><\/figure>\n\n\n\n<p>En la tarde de este viernes, y luego de las aristas que surgieron tras el allanamiento en la casa de la familia Sena por la investigaci\u00f3n que comenz\u00f3 tras la desaparici\u00f3n de Cecilia Strzygowski, <strong>el fiscal federal Patricio Sabadini<\/strong> habl\u00f3 al aire de Todo Noticias sobre la causa paralela que inici\u00f3 luego de que encontraran seis millones de pesos en la residencia ubicada por la calle Santa Mar\u00eda de Oro.&nbsp;<\/p>\n\n\n\n<p>&#8220;Con respecto al dinero f\u00edsico que se hall\u00f3 en el domicilio de la familia Sena, fue la suma de $ 6.050.185, aproximadamente. <strong>Las especulaciones o las versiones que se manifestaron a si existi\u00f3 un mill\u00f3n y medio de d\u00f3lares en la causa la verdad no nos consta&#8221;<\/strong>, empez\u00f3 el fiscal Sabadini.&nbsp;<\/p>\n\n\n\n<p>En este sentido, aclar\u00f3: &#8220;Lo que hicimos es abrir una causa de oficio atentos a esta informaci\u00f3n y pedir algunas medidas al juez federal en turno con respecto a lo que tiene que ver con al levantamiento del secreto fiscal y al levantamiento del secreto en los t\u00e9rminos de lavado de dinero&#8221;.\u00a0<\/p>\n\n\n\n<p>En relaci\u00f3n a la forma de proceder dentro de la investigaci\u00f3n, que se da de forma totalmente separada a la causa que investiga el crimen de la joven chaque\u00f1a, el letrado explic\u00f3 que, &#8220;hemos solicitado a la repartici\u00f3n p\u00fablica provincial algunas medidas teniendo en cuenta el dinero que se hizo de algunas reparticiones del Gobierno <strong>provincial concretamente a una fundaci\u00f3n que lleva del suegro de Emerenciano Sena que es la Fundaci\u00f3n Sa\u00fal Acu\u00f1a&#8221;<\/strong>.&nbsp;<\/p>\n\n\n\n<p>&#8220;Estamos analizando la documentaci\u00f3n que nos va mandando la provincia. Con respecto a parte del dinero que manej\u00f3 esa fundaci\u00f3n, estamos hablando, en lo que va del a\u00f1o, de unos $ 140 millones de pesos. Seg\u00fan nos inform\u00f3 el instituto encargado de inyectar dinero para cooperativas y fundaciones que tienen que ver con movimientos sociales en su mayor\u00eda, esta suma se relaciona a la construcci\u00f3n de diez viviendas, tambi\u00e9n para la compra de veh\u00edculos y maquinarias para llevar a cabo esa tarea.<strong> Este programa de soluci\u00f3n habitacional&#8221;,<\/strong> detall\u00f3.&nbsp;<\/p>\n\n\n\n<p>Asimismo, aclar\u00f3 el fiscal tambi\u00e9n que se le solicit\u00f3 al Gobierno provincial un detalle sobre cu\u00e1l es el estado de construcci\u00f3n de estas viviendas. <strong>&#8220;Por lo pronto estamos aguardando la cantidad de informes que hemos solicitado<\/strong>, aguardamos el resultado de estos y si vemos necesario, citaremos al gobernador a declarar sobre el tema, pero es algo que, hasta el momento, con lo consideramos, es muy prematuro, eso depender\u00e1 de las respuestas y las nuevas solicitudes que tengamos respecto al manejo de los fondos p\u00fablicos provinciales&#8221;, asever\u00f3.&nbsp;<ins><\/ins><\/p>\n\n\n\n<p>Caber recordar la familia Sena<strong> tambi\u00e9n estuvo involucrada en la causa Sue\u00f1os Compartidos que involucraba fondos federales<\/strong>, por lo cual, &#8220;se volver\u00e1n al cotejar con organismos nacionales ciertas informaciones para poder saber si hubo alg\u00fan tipo de fondo env\u00edo de fondos nacionales&#8221;, estableci\u00f3 Sadini.&nbsp;<\/p>\n","protected":false},"excerpt":{"rendered":"<p>El fiscal federal avanza con su investigaci\u00f3n preliminar para determinar si\u00a0Emerenciano Sena y Marcela Acu\u00f1a cometieron adem\u00e1s alg\u00fan delito vinculado al manejo de fondos. En&hellip; <\/p>\n","protected":false},"author":2,"featured_media":591,"comment_status":"open","ping_status":"open","sticky":false,"template":"","format":"standard","meta":{"footnotes":""},"categories":[5],"tags":[],"class_list":["post-590","post","type-post","status-publish","format-standard","has-post-thumbnail","hentry","category-politica"],"_links":{"self":[{"href":"https:\/\/lametro989.com\/index.php?rest_route=\/wp\/v2\/posts\/590","targetHints":{"allow":["GET"]}}],"collection":[{"href":"https:\/\/lametro989.com\/index.php?rest_route=\/wp\/v2\/posts"}],"about":[{"href":"https:\/\/lametro989.com\/index.php?rest_route=\/wp\/v2\/types\/post"}],"author":[{"embeddable":true,"href":"https:\/\/lametro989.com\/index.php?rest_route=\/wp\/v2\/users\/2"}],"replies":[{"embeddable":true,"href":"https:\/\/lametro989.com\/index.php?rest_route=%2Fwp%2Fv2%2Fcomments&post=590"}],"version-history":[{"count":1,"href":"https:\/\/lametro989.com\/index.php?rest_route=\/wp\/v2\/posts\/590\/revisions"}],"predecessor-version":[{"id":592,"href":"https:\/\/lametro989.com\/index.php?rest_route=\/wp\/v2\/posts\/590\/revisions\/592"}],"wp:featuredmedia":[{"embeddable":true,"href":"https:\/\/lametro989.com\/index.php?rest_route=\/wp\/v2\/media\/591"}],"wp:attachment":[{"href":"https:\/\/lametro989.com\/index.php?rest_route=%2Fwp%2Fv2%2Fmedia&parent=590"}],"wp:term":[{"taxonomy":"category","embeddable":true,"href":"https:\/\/lametro989.com\/index.php?rest_route=%2Fwp%2Fv2%2Fcategories&post=590"},{"taxonomy":"post_tag","embeddable":true,"href":"https:\/\/lametro989.com\/index.php?rest_route=%2Fwp%2Fv2%2Ftags&post=590"}],"curies":[{"name":"wp","href":"https:\/\/api.w.org\/{rel}","templated":true}]}}