{"id":596,"date":"2023-06-30T21:01:11","date_gmt":"2023-07-01T00:01:11","guid":{"rendered":"https:\/\/lametro989.com\/?p=596"},"modified":"2023-06-30T21:01:11","modified_gmt":"2023-07-01T00:01:11","slug":"quien-es-el-hincha-que-entro-a-la-cancha-de-boca-para-abrazar-a-riquelme","status":"publish","type":"post","link":"https:\/\/lametro989.com\/?p=596","title":{"rendered":"Qui\u00e9n es el hincha que entr\u00f3 a la cancha de Boca para abrazar a Riquelme"},"content":{"rendered":"\n<p>Se llama Lolo Cores, juega en las inferiores de Defensores de Belgrano y recibi\u00f3 una dur\u00edsima sanci\u00f3n luego de ingresar a la cancha para abrazar a su \u00eddolo.<\/p>\n\n\n\n<figure class=\"wp-block-image size-full\"><img loading=\"lazy\" decoding=\"async\" width=\"610\" height=\"377\" src=\"https:\/\/lametro989.com\/wp-content\/uploads\/2023\/06\/imagen-45.png\" alt=\"\" class=\"wp-image-597\" srcset=\"https:\/\/lametro989.com\/wp-content\/uploads\/2023\/06\/imagen-45.png 610w, https:\/\/lametro989.com\/wp-content\/uploads\/2023\/06\/imagen-45-300x185.png 300w\" sizes=\"auto, (max-width: 610px) 100vw, 610px\" \/><\/figure>\n\n\n\n<p>Como ya se inform\u00f3, el Ministerio de Justicia y Seguridad de la Ciudad de Buenos Aires <strong><a href=\"https:\/\/www.minutouno.com\/deportes\/juan-roman-riquelme\/durisima-sancion-al-hincha-que-entro-la-cancha-la-despedida-riquelme-n5758381\" target=\"_blank\" rel=\"noreferrer noopener\">se expidi\u00f3 sobre el caso del hincha de Boca que ingres\u00f3 a la cancha durante la despedida de Juan Rom\u00e1n Riquelme<\/a><\/strong>, que se llev\u00f3 a cabo en La Bombonera el 25 de junio.<\/p>\n\n\n\n<p>Las autoridades porte\u00f1as resolvieron aplicar el <strong>derecho de admisi\u00f3n por 48 meses al estadio de Boca Juniors, por lo que no podr\u00e1 asistir a ning\u00fan encuentro del club de la Ribera ni a ning\u00fan evento deportivo en otro estadio argentino<\/strong>.<\/p>\n\n\n\n<p>Lolo Cores, socio adherente de Boca que salt\u00f3 desde la Platea L hacia el terreno de juego para saludar a Rom\u00e1n a los 24 minutos del segundo tiempo del partido entre Boca y la Selecci\u00f3n, es tambi\u00e9n<strong> jugador de las divisiones formativas del club Defensores de Belgrano, ubicado en el barrio porte\u00f1o de N\u00fa\u00f1ez<\/strong>, que actualmente milita en la Primera Nacional.<\/p>\n\n\n\n<p>En sus redes sociales, <strong>hizo un posteo en el que da cuenta de la \u201cnoche inolvidable\u201d que vivi\u00f3 en La Bombonera<\/strong>, durante la despedida de su \u201c\u00eddolo\u201d Riquelme \u201cen el mejor estadio del mundo\u201d.<\/p>\n\n\n\n<figure class=\"wp-block-image\"><img decoding=\"async\" src=\"https:\/\/media.minutouno.com\/p\/ab0dff694f787029a47d172616568c01\/adjuntos\/150\/imagenes\/040\/810\/0040810541\/610x0\/smart\/instagram-lolo-coresjpg.jpg\" alt=\"\" title=\"\"\/><\/figure>\n\n\n\n<p>\u201c25\/06. Noche inolvidable, sin palabras por todo lo que viv\u00ed. <strong>Abrazar a mi \u00eddolo en el mejor estadio del mundo, con la hinchada m\u00e1s grande del mundo. \u00danico. Sin dudas el mejor d\u00eda de mi vida<\/strong>. GRACIAS ROM\u00c1N Y AGUANTE BOCA\u201d, escribi\u00f3 en su perfil de Instagram, acompa\u00f1ando la foto en la que se lo ve abrazado a Rom\u00e1n.<\/p>\n\n\n\n<p>Adem\u00e1s, en un video de TikTok se lo ve sonriente junto a un amigo, comentando que <strong>\u201cfue una locura que se me pas\u00f3 por la cabeza en un momento y bueno, salt\u00e9 as\u00ed de una\u201d<\/strong>. Horas despu\u00e9s, el joven se enter\u00f3 de la dur\u00edsima sanci\u00f3n que le impusieron\u2026<\/p>\n","protected":false},"excerpt":{"rendered":"<p>Se llama Lolo Cores, juega en las inferiores de Defensores de Belgrano y recibi\u00f3 una dur\u00edsima sanci\u00f3n luego de ingresar a la cancha para abrazar&hellip; <\/p>\n","protected":false},"author":2,"featured_media":597,"comment_status":"open","ping_status":"open","sticky":false,"template":"","format":"standard","meta":{"footnotes":""},"categories":[9,13],"tags":[],"class_list":["post-596","post","type-post","status-publish","format-standard","has-post-thumbnail","hentry","category-destacadas","category-nacionales"],"_links":{"self":[{"href":"https:\/\/lametro989.com\/index.php?rest_route=\/wp\/v2\/posts\/596","targetHints":{"allow":["GET"]}}],"collection":[{"href":"https:\/\/lametro989.com\/index.php?rest_route=\/wp\/v2\/posts"}],"about":[{"href":"https:\/\/lametro989.com\/index.php?rest_route=\/wp\/v2\/types\/post"}],"author":[{"embeddable":true,"href":"https:\/\/lametro989.com\/index.php?rest_route=\/wp\/v2\/users\/2"}],"replies":[{"embeddable":true,"href":"https:\/\/lametro989.com\/index.php?rest_route=%2Fwp%2Fv2%2Fcomments&post=596"}],"version-history":[{"count":1,"href":"https:\/\/lametro989.com\/index.php?rest_route=\/wp\/v2\/posts\/596\/revisions"}],"predecessor-version":[{"id":598,"href":"https:\/\/lametro989.com\/index.php?rest_route=\/wp\/v2\/posts\/596\/revisions\/598"}],"wp:featuredmedia":[{"embeddable":true,"href":"https:\/\/lametro989.com\/index.php?rest_route=\/wp\/v2\/media\/597"}],"wp:attachment":[{"href":"https:\/\/lametro989.com\/index.php?rest_route=%2Fwp%2Fv2%2Fmedia&parent=596"}],"wp:term":[{"taxonomy":"category","embeddable":true,"href":"https:\/\/lametro989.com\/index.php?rest_route=%2Fwp%2Fv2%2Fcategories&post=596"},{"taxonomy":"post_tag","embeddable":true,"href":"https:\/\/lametro989.com\/index.php?rest_route=%2Fwp%2Fv2%2Ftags&post=596"}],"curies":[{"name":"wp","href":"https:\/\/api.w.org\/{rel}","templated":true}]}}