{"id":599,"date":"2023-06-30T21:03:58","date_gmt":"2023-07-01T00:03:58","guid":{"rendered":"https:\/\/lametro989.com\/?p=599"},"modified":"2023-06-30T21:03:58","modified_gmt":"2023-07-01T00:03:58","slug":"morales-horacio-ha-demostrado-que-no-tiene-jefe-y-eso-no-le-perdona-mauricio","status":"publish","type":"post","link":"https:\/\/lametro989.com\/?p=599","title":{"rendered":"Morales: &#8220;Horacio ha demostrado que no tiene jefe y eso no le perdona Mauricio&#8221;"},"content":{"rendered":"\n<p>En una visita a Misiones, el l\u00edder del radicalismo apunt\u00f3 al ex presidente y evit\u00f3 profundizar las cr\u00edticas contra la postulante del PRO Patricia Bullrich.<\/p>\n\n\n\n<figure class=\"wp-block-image size-full\"><img loading=\"lazy\" decoding=\"async\" width=\"610\" height=\"407\" src=\"https:\/\/lametro989.com\/wp-content\/uploads\/2023\/06\/imagen-46.png\" alt=\"\" class=\"wp-image-600\" srcset=\"https:\/\/lametro989.com\/wp-content\/uploads\/2023\/06\/imagen-46.png 610w, https:\/\/lametro989.com\/wp-content\/uploads\/2023\/06\/imagen-46-300x200.png 300w\" sizes=\"auto, (max-width: 610px) 100vw, 610px\" \/><\/figure>\n\n\n\n<p><strong>El gobernador de Jujuy y precandidato a vicepresidente por Juntos por el Cambio Gerardo Morales afirm\u00f3 que el postulante presidencial Horacio Rodr\u00edguez Larreta \u201cno tiene jefe y eso es lo que no le perdona\u201d el ex mandatario Mauricio Macri.<\/strong><\/p>\n\n\n\n<p>En una visita a Misiones, Morales se\u00f1al\u00f3 que \u201cque haya vuelto el kirchnerismo en 2019 no es un \u00e9xito\u201d. \u201cParece que est\u00e1 mal si uno cree que no ha sido exitoso que hayamos dejado de gobernar para seguir transformando y que haya vuelto el kirchnerismo\u201d, sostuvo.<\/p>\n\n\n\n<p>\u201c<strong>Hay que tratar de no mirarse el ombligo y creer que uno hace todo bien<\/strong>. Yo soy gobernador y hago cosas bien y cosas mal, nadie es infalible. La gesti\u00f3n de 2015 a 2019, fue un aprendizaje. Se hicieron cosas bien y tambi\u00e9n cosas mal, y decirlo no es atacar a nadie\u201d, consider\u00f3 Morales. En declaraciones a la prensa local, el postulante a vicepresidente evalu\u00f3 que \u201cla grieta no ha servido y no sirve la pelea, lo que sirve es el di\u00e1logo\u201d.<\/p>\n\n\n\n<p>\u201cEsto es lo que proponemos con Horacio, que adem\u00e1s la caracter\u00edstica diferenciadora respecto de la otra f\u00f3rmula es que somos dos hombres de gesti\u00f3n, gestionamos todos los d\u00edas, tenemos que resolver problemas todos los d\u00edas, tenemos vocaci\u00f3n por la gesti\u00f3n y experiencia, que es lo que necesita el pa\u00eds\u201d, indic\u00f3 Morales.<\/p>\n\n\n\n<p>Y subray\u00f3: \u201cEl pa\u00eds necesita liderazgo. Horacio ha demostrado que no tiene jefe, y ese es otro problema, eso es lo que no le perdona Mauricio, Horacio no tiene jefe, y realmente necesitamos un presidente, que no tenga un comando de afuera\u201d.<\/p>\n\n\n\n<p>\u201c<strong>La fortaleza que tenemos con Horacio es que somos hombres de gesti\u00f3n, que tenemos experiencia, que hemos liderado procesos, que hemos logrado construir un espacio mucho m\u00e1s fuerte y potente dentro de Juntos por el Cambio<\/strong>. Yo no voy a hablar mal de Patricia ni de Luis Petri. Tenemos coincidencias que tienen que ver con la transformaci\u00f3n que necesita el pa\u00eds\u201d, agreg\u00f3 el l\u00edder radical.<\/p>\n","protected":false},"excerpt":{"rendered":"<p>En una visita a Misiones, el l\u00edder del radicalismo apunt\u00f3 al ex presidente y evit\u00f3 profundizar las cr\u00edticas contra la postulante del PRO Patricia Bullrich.&hellip; <\/p>\n","protected":false},"author":2,"featured_media":600,"comment_status":"open","ping_status":"open","sticky":false,"template":"","format":"standard","meta":{"footnotes":""},"categories":[9,5],"tags":[],"class_list":["post-599","post","type-post","status-publish","format-standard","has-post-thumbnail","hentry","category-destacadas","category-politica"],"_links":{"self":[{"href":"https:\/\/lametro989.com\/index.php?rest_route=\/wp\/v2\/posts\/599","targetHints":{"allow":["GET"]}}],"collection":[{"href":"https:\/\/lametro989.com\/index.php?rest_route=\/wp\/v2\/posts"}],"about":[{"href":"https:\/\/lametro989.com\/index.php?rest_route=\/wp\/v2\/types\/post"}],"author":[{"embeddable":true,"href":"https:\/\/lametro989.com\/index.php?rest_route=\/wp\/v2\/users\/2"}],"replies":[{"embeddable":true,"href":"https:\/\/lametro989.com\/index.php?rest_route=%2Fwp%2Fv2%2Fcomments&post=599"}],"version-history":[{"count":1,"href":"https:\/\/lametro989.com\/index.php?rest_route=\/wp\/v2\/posts\/599\/revisions"}],"predecessor-version":[{"id":601,"href":"https:\/\/lametro989.com\/index.php?rest_route=\/wp\/v2\/posts\/599\/revisions\/601"}],"wp:featuredmedia":[{"embeddable":true,"href":"https:\/\/lametro989.com\/index.php?rest_route=\/wp\/v2\/media\/600"}],"wp:attachment":[{"href":"https:\/\/lametro989.com\/index.php?rest_route=%2Fwp%2Fv2%2Fmedia&parent=599"}],"wp:term":[{"taxonomy":"category","embeddable":true,"href":"https:\/\/lametro989.com\/index.php?rest_route=%2Fwp%2Fv2%2Fcategories&post=599"},{"taxonomy":"post_tag","embeddable":true,"href":"https:\/\/lametro989.com\/index.php?rest_route=%2Fwp%2Fv2%2Ftags&post=599"}],"curies":[{"name":"wp","href":"https:\/\/api.w.org\/{rel}","templated":true}]}}