{"id":602,"date":"2023-06-30T21:05:47","date_gmt":"2023-07-01T00:05:47","guid":{"rendered":"https:\/\/lametro989.com\/?p=602"},"modified":"2023-06-30T21:05:47","modified_gmt":"2023-07-01T00:05:47","slug":"los-salarios-subieron-57-en-abril-y-perdieron-frente-a-la-inflacion","status":"publish","type":"post","link":"https:\/\/lametro989.com\/?p=602","title":{"rendered":"Los salarios subieron 5,7% en abril y perdieron frente a la inflaci\u00f3n"},"content":{"rendered":"\n<p>En abril, los haberes en la administraci\u00f3n p\u00fablica mostraron un avance de 4,1%, en el sector privado el aumento fue de 6,9% y en el sector informal de 4,8%.<\/p>\n\n\n\n<figure class=\"wp-block-image size-full\"><img loading=\"lazy\" decoding=\"async\" width=\"610\" height=\"384\" src=\"https:\/\/lametro989.com\/wp-content\/uploads\/2023\/06\/imagen-47.png\" alt=\"\" class=\"wp-image-603\" srcset=\"https:\/\/lametro989.com\/wp-content\/uploads\/2023\/06\/imagen-47.png 610w, https:\/\/lametro989.com\/wp-content\/uploads\/2023\/06\/imagen-47-300x189.png 300w\" sizes=\"auto, (max-width: 610px) 100vw, 610px\" \/><\/figure>\n\n\n\n<p><strong>Los salarios perdieron frente a la inflaci\u00f3n en abril por tercera vez en el a\u00f1o, ya que registraron en el cuarto mes del a\u00f1o un incremento de 5,7%, menor a la suba de 8,4% que marc\u00f3 el IPC en ese mes<\/strong>, inform\u00f3 este viernes el Instituto Nacional de Estad\u00edstica y Censos (INDEC).<\/p>\n\n\n\n<p>En abril, los haberes en la administraci\u00f3n p\u00fablica mostraron un avance de 4,1%, en el sector privado el aumento fue de 6,9% y en el sector informal de 4,8%. &#8220;<strong>La elevada inflaci\u00f3n de abril gener\u00f3 una p\u00e9rdida de salario real entre marzo y abril para el sector privado y el p\u00fablico<\/strong>&#8220;, senal\u00f3 el economista del IARAF, Nadin Arga\u00f1araz.<\/p>\n\n\n\n<p>La alta inflaci\u00f3n de abril, combinada con la suba nominal de salarios, deriv\u00f3 en ca\u00eddas mensuales reales de los trabajadores asalariados privados registrados, p\u00fablicos e informales. &#8220;El que m\u00e1s perdi\u00f3 entre marzo y abril fue el sector p\u00fablico, con casi el 4%. Le sigui\u00f3 el sector informal con el 3,2% y finalmente el privado registrado con p\u00e9rdida real del 1,1%&#8221;, indic\u00f3 Arga\u00f1araz.<\/p>\n\n\n\n<p>Interanualmente, a pesar de la p\u00e9rdida mensual, el sector p\u00fablico es el que mejor estuvo en abril, aumentando su poder adquisitivo en un 1%. El sector privado registrado registr\u00f3 una merma real del 1,1%. Como viene sucediendo en los \u00faltimos a\u00f1os, el sector informal registr\u00f3 una p\u00e9rdida real del orden del 15%.<\/p>\n\n\n\n<p>&#8220;<strong>La desaceleraci\u00f3n de la inflaci\u00f3n en mayo y en junio deber\u00eda posibilitar una recuperaci\u00f3n real. El gran desaf\u00edo para recuperar poder adquisitivo sigue siendo la baja sostenible de la inflaci\u00f3n<\/strong>&#8220;, proyect\u00f3 el economista del IARAF.<\/p>\n","protected":false},"excerpt":{"rendered":"<p>En abril, los haberes en la administraci\u00f3n p\u00fablica mostraron un avance de 4,1%, en el sector privado el aumento fue de 6,9% y en el&hellip; <\/p>\n","protected":false},"author":2,"featured_media":603,"comment_status":"open","ping_status":"open","sticky":false,"template":"","format":"standard","meta":{"footnotes":""},"categories":[5],"tags":[],"class_list":["post-602","post","type-post","status-publish","format-standard","has-post-thumbnail","hentry","category-politica"],"_links":{"self":[{"href":"https:\/\/lametro989.com\/index.php?rest_route=\/wp\/v2\/posts\/602","targetHints":{"allow":["GET"]}}],"collection":[{"href":"https:\/\/lametro989.com\/index.php?rest_route=\/wp\/v2\/posts"}],"about":[{"href":"https:\/\/lametro989.com\/index.php?rest_route=\/wp\/v2\/types\/post"}],"author":[{"embeddable":true,"href":"https:\/\/lametro989.com\/index.php?rest_route=\/wp\/v2\/users\/2"}],"replies":[{"embeddable":true,"href":"https:\/\/lametro989.com\/index.php?rest_route=%2Fwp%2Fv2%2Fcomments&post=602"}],"version-history":[{"count":1,"href":"https:\/\/lametro989.com\/index.php?rest_route=\/wp\/v2\/posts\/602\/revisions"}],"predecessor-version":[{"id":604,"href":"https:\/\/lametro989.com\/index.php?rest_route=\/wp\/v2\/posts\/602\/revisions\/604"}],"wp:featuredmedia":[{"embeddable":true,"href":"https:\/\/lametro989.com\/index.php?rest_route=\/wp\/v2\/media\/603"}],"wp:attachment":[{"href":"https:\/\/lametro989.com\/index.php?rest_route=%2Fwp%2Fv2%2Fmedia&parent=602"}],"wp:term":[{"taxonomy":"category","embeddable":true,"href":"https:\/\/lametro989.com\/index.php?rest_route=%2Fwp%2Fv2%2Fcategories&post=602"},{"taxonomy":"post_tag","embeddable":true,"href":"https:\/\/lametro989.com\/index.php?rest_route=%2Fwp%2Fv2%2Ftags&post=602"}],"curies":[{"name":"wp","href":"https:\/\/api.w.org\/{rel}","templated":true}]}}