{"id":609,"date":"2023-07-01T19:47:26","date_gmt":"2023-07-01T22:47:26","guid":{"rendered":"https:\/\/lametro989.com\/?p=609"},"modified":"2023-07-01T19:47:26","modified_gmt":"2023-07-01T22:47:26","slug":"francisco-designo-a-victor-tucho-fernandez-al-frente-del-dicasterio-para-la-doctrina-de-la-fe","status":"publish","type":"post","link":"https:\/\/lametro989.com\/?p=609","title":{"rendered":"Francisco design\u00f3 a V\u00edctor &#8220;Tucho&#8221; Fern\u00e1ndez al frente del Dicasterio para la Doctrina de la Fe"},"content":{"rendered":"\n<p>El papa Francisco design\u00f3 hoy al obispo argentino V\u00edctor &#8220;Tucho&#8221; Fern\u00e1ndez al frente del Dicasterio para la Doctrina de la Fe, el organismo encargado de los juicios can\u00f3nicos por pederastia, entre otros temas, inform\u00f3 el Vaticano.<\/p>\n\n\n\n<figure class=\"wp-block-image size-full\"><img loading=\"lazy\" decoding=\"async\" width=\"879\" height=\"586\" src=\"https:\/\/lametro989.com\/wp-content\/uploads\/2023\/07\/imagen.png\" alt=\"\" class=\"wp-image-610\" srcset=\"https:\/\/lametro989.com\/wp-content\/uploads\/2023\/07\/imagen.png 879w, https:\/\/lametro989.com\/wp-content\/uploads\/2023\/07\/imagen-300x200.png 300w, https:\/\/lametro989.com\/wp-content\/uploads\/2023\/07\/imagen-768x512.png 768w\" sizes=\"auto, (max-width: 879px) 100vw, 879px\" \/><\/figure>\n\n\n\n<p>Fern\u00e1ndez, de 60 a\u00f1os y actual arzobispo de La Plata desde 2018, reemplazar\u00e1 desde &#8220;Mitad de septiembre&#8221; al cardenal jesuita Luis Ladaria Ferrer, quien super\u00f3 el l\u00edmite de 75 a\u00f1os para los cargos ejecutivos de la Curia, inform\u00f3 un comunicado oficial.<\/p>\n\n\n\n<p>&#8220;Como nuevo Prefecto del Dicasterio para la Doctrina de la Fe te encomiendo una tarea que considero muy valiosa. Tiene como finalidad central custodiar la ense\u00f1anza que brota de la fe para dar raz\u00f3n de nuestra esperanza, pero no como enemigos que se\u00f1alan y condenan&#8221;, le dijo el Papa en una carta dada a conocer este s\u00e1bado junto con la designaci\u00f3n.<\/p>\n\n\n\n<p>Seg\u00fan la Constituci\u00f3n &#8220;Prediquen el Evangelio&#8221;, promulgada por Francisco en 2022, el Dicasterio para la Doctrina de la Fe tiene como funci\u00f3n &#8220;ayudar al Romano Pont\u00edfice y a los obispos a proclamar el Evangelio en todo el mundo, promoviendo y tutelando la integridad de la doctrina cat\u00f3lica sobre la fe y la moral, sobre la base del dep\u00f3sito de la fe y tambi\u00e9n buscando una comprensi\u00f3n cada vez m\u00e1s profunda de esta ante los nuevos interrogantes&#8221;.<\/p>\n\n\n\n<p>En la \u00f3rbita del organismo se encuentra tambi\u00e9n la Comisi\u00f3n Pontificia para la Protecci\u00f3n de los Menores, cuya funci\u00f3n es &#8220;ofrecer al Romano Pont\u00edfice consejo y asesoramiento, as\u00ed como proponer las iniciativas m\u00e1s adecuadas para la tutela de los menores y de las personas vulnerables&#8221;.<\/p>\n\n\n\n<p>El Dicasterio que ahora encabezar\u00e1 Fern\u00e1ndez comprende dos Secciones, la Doctrinal y la Disciplinar, cada una de ellas coordinada por un Secretario que asiste al Prefecto en el \u00e1mbito espec\u00edfico de su competencia, con la colaboraci\u00f3n del Subsecretario y de los respectivos Jefes de Secci\u00f3n.<\/p>\n\n\n\n<p>La Secci\u00f3n Doctrinal se ocupa de los asuntos relacionados con la promoci\u00f3n y protecci\u00f3n de la doctrina de la fe y la moral, adem\u00e1s de promover los estudios destinados a aumentar la comprensi\u00f3n y la transmisi\u00f3n de la fe al servicio de la evangelizaci\u00f3n.<\/p>\n\n\n\n<p>Por lo que se refiere a la fe y a la moral, la Secci\u00f3n realiza el examen de los documentos que han de ser publicados por otros Dicasterios de la Curia Romana, as\u00ed como de los escritos y opiniones que parezcan problem\u00e1ticos para la recta fe, fomentando el di\u00e1logo con sus autores y proponiendo los remedios adecuados, de acuerdo con las normas de Agendi ratio in doctrinarum examine.<\/p>\n\n\n\n<p>A esta Secci\u00f3n se le conf\u00eda la tarea de estudiar las cuestiones relativas a los Ordinariatos Personales instituidos por la Constituci\u00f3n Apost\u00f3lica Anglicanorum Coetibus.<\/p>\n\n\n\n<p>A la Secci\u00f3n Doctrinal pertenece la Oficina Matrimonial, que fue creada para examinar, tanto de hecho como de derecho, las cuestiones relativas al &#8220;privilegium fidei&#8221;.<\/p>\n\n\n\n<p>La Secci\u00f3n Disciplinar se ocupa de los delitos reservados a la Congregaci\u00f3n y se ocupa de ellos a trav\u00e9s de la jurisdicci\u00f3n del Supremo Tribunal Apost\u00f3lico all\u00ed establecido. Tiene la tarea de preparar y elaborar los procedimientos previstos por el derecho can\u00f3nico para que la Congregaci\u00f3n, en sus diversos \u00f3rganos (Prefecto, Secretario, Promotor de Justicia, Congreso, Sesi\u00f3n Ordinaria, Colegio para el examen de los recursos en materia de delicta graviora), pueda promover una correcta administraci\u00f3n de justicia.<\/p>\n\n\n\n<p>Fern\u00e1ndez, autor de numerosos libros y publicaciones y cultor del perfil bajo, fue rector de la UCA desde 2009 hasta su designaci\u00f3n en la arquidi\u00f3cesis platense en 2018.<\/p>\n\n\n\n<p>Fern\u00e1ndez, que hab\u00eda sido nombrado arzobispo de Tiburnia por el papa en mayo de 2013, es uno de los pilares intelectuales sobre los que se ha basado Bergoglio para la escritura de diversos documentos pontificios, como las exhortaciones de 2013 Evangelii gaudium; la de 2016 Amoris Laetitia y la de 2018, Gaudete et exsultate.<\/p>\n\n\n\n<p>&#8220;Tucho&#8221; fue adem\u00e1s ladero del entonces cardenal Jorge Bergoglio cuando en 2007 el ahora pont\u00edfice presidi\u00f3 la comisi\u00f3n redactora del documento de la V Conferencia del Episcopado Latinoamericano en Aparecida, Brasil, que los expertos definen como el &#8220;inicio conceptual&#8221; de su pontificado.<\/p>\n\n\n\n<p>Miembro de la comisi\u00f3n de Fe y Cultura de la Conferencia Episcopal Argentina, es licenciado en Teolog\u00eda con especializaci\u00f3n b\u00edblica por la Pontificia Universidad Gregoriana, de Roma, en 1988, y doctor en Teolog\u00eda por la Facultad de Teolog\u00eda de la UCA en 1990.<\/p>\n\n\n\n<p>A fines de 2016, Francisco hab\u00eda designado a Fern\u00e1ndez consultor de la Congregaci\u00f3n para la Educaci\u00f3n Cat\u00f3lica del Vaticano, el organismo que tiene bajo su \u00f3rbita &#8220;todas las Universidades, Facultades, Institutos y Escuelas Superiores de estudios eclesi\u00e1sticos o civiles que dependen de personas f\u00edsicas o morales eclesi\u00e1sticas, as\u00ed como tambi\u00e9n, sobre las Instituciones y Asociaciones con finalidades cient\u00edficas&#8221;.<\/p>\n\n\n\n<p>En febrero pasado, el Papa nombr\u00f3 a Fern\u00e1ndez como miembro del nuevo dicasterio para la Cultura y la Educaci\u00f3n del Vaticano, que absorbi\u00f3 a la antigua Congregaci\u00f3n para la Educaci\u00f3n Cat\u00f3lica.<\/p>\n\n\n\n<p><em>Fuente Telam<\/em><\/p>\n","protected":false},"excerpt":{"rendered":"<p>El papa Francisco design\u00f3 hoy al obispo argentino V\u00edctor &#8220;Tucho&#8221; Fern\u00e1ndez al frente del Dicasterio para la Doctrina de la Fe, el organismo encargado de&hellip; <\/p>\n","protected":false},"author":2,"featured_media":610,"comment_status":"open","ping_status":"open","sticky":false,"template":"","format":"standard","meta":{"footnotes":""},"categories":[9,13],"tags":[],"class_list":["post-609","post","type-post","status-publish","format-standard","has-post-thumbnail","hentry","category-destacadas","category-nacionales"],"_links":{"self":[{"href":"https:\/\/lametro989.com\/index.php?rest_route=\/wp\/v2\/posts\/609","targetHints":{"allow":["GET"]}}],"collection":[{"href":"https:\/\/lametro989.com\/index.php?rest_route=\/wp\/v2\/posts"}],"about":[{"href":"https:\/\/lametro989.com\/index.php?rest_route=\/wp\/v2\/types\/post"}],"author":[{"embeddable":true,"href":"https:\/\/lametro989.com\/index.php?rest_route=\/wp\/v2\/users\/2"}],"replies":[{"embeddable":true,"href":"https:\/\/lametro989.com\/index.php?rest_route=%2Fwp%2Fv2%2Fcomments&post=609"}],"version-history":[{"count":1,"href":"https:\/\/lametro989.com\/index.php?rest_route=\/wp\/v2\/posts\/609\/revisions"}],"predecessor-version":[{"id":611,"href":"https:\/\/lametro989.com\/index.php?rest_route=\/wp\/v2\/posts\/609\/revisions\/611"}],"wp:featuredmedia":[{"embeddable":true,"href":"https:\/\/lametro989.com\/index.php?rest_route=\/wp\/v2\/media\/610"}],"wp:attachment":[{"href":"https:\/\/lametro989.com\/index.php?rest_route=%2Fwp%2Fv2%2Fmedia&parent=609"}],"wp:term":[{"taxonomy":"category","embeddable":true,"href":"https:\/\/lametro989.com\/index.php?rest_route=%2Fwp%2Fv2%2Fcategories&post=609"},{"taxonomy":"post_tag","embeddable":true,"href":"https:\/\/lametro989.com\/index.php?rest_route=%2Fwp%2Fv2%2Ftags&post=609"}],"curies":[{"name":"wp","href":"https:\/\/api.w.org\/{rel}","templated":true}]}}