{"id":618,"date":"2023-07-01T19:56:50","date_gmt":"2023-07-01T22:56:50","guid":{"rendered":"https:\/\/lametro989.com\/?p=618"},"modified":"2023-07-01T19:56:50","modified_gmt":"2023-07-01T22:56:50","slug":"tras-agotar-entradas-en-river-duki-se-presentara-en-el-santiago-bernabeu-cuando","status":"publish","type":"post","link":"https:\/\/lametro989.com\/?p=618","title":{"rendered":"Tras agotar entradas en River, Duki se presentar\u00e1 en el Santiago Bernab\u00e9u: cu\u00e1ndo"},"content":{"rendered":"\n<p>El referente del trap comparti\u00f3 en sus redes sociales que dar\u00e1 un concierto en el estadio del Real Madrid. Los detalles.<\/p>\n\n\n\n<figure class=\"wp-block-image size-full\"><img loading=\"lazy\" decoding=\"async\" width=\"610\" height=\"457\" src=\"https:\/\/lametro989.com\/wp-content\/uploads\/2023\/07\/imagen-3.png\" alt=\"\" class=\"wp-image-619\" srcset=\"https:\/\/lametro989.com\/wp-content\/uploads\/2023\/07\/imagen-3.png 610w, https:\/\/lametro989.com\/wp-content\/uploads\/2023\/07\/imagen-3-300x225.png 300w\" sizes=\"auto, (max-width: 610px) 100vw, 610px\" \/><\/figure>\n\n\n\n<p><strong>Duki<\/strong>, el referente m\u00e1s convocante de la escena urbana argentina, sorprendi\u00f3 a sus seguidores con el anuncio de que <strong>durante el a\u00f1o pr\u00f3ximo estar\u00e1 present\u00e1ndose en el emblem\u00e1tico estadio Santiago Bernab\u00e9u de Espa\u00f1a<\/strong>, luego de haber agotado -en pocas horas- las localidades de dos fechas en el estadio de River Plate.<\/p>\n\n\n\n<p>Adem\u00e1s, la buena noticia llega despu\u00e9s de estrenar su \u00faltimo \u00e1lbum &#8220;Antes de Ameri&#8221; y de llenar cuatro estadios de V\u00e9lez este a\u00f1o. De esta manera, el m\u00fasico confirm\u00f3 a trav\u00e9s de sus cuentas de Instagram y Twitter que <strong>el 8 de junio de 2023 estar\u00e1 brindando un show en la cancha del Real Madrid para los fan\u00e1ticos que se encuentren en el viejo continente<\/strong>.<\/p>\n\n\n\n<p>Cabe destacar que, tras anunciar su concierto para el pr\u00f3ximo 2 de diciembre en el estadio M\u00e1s Monumental y luego agregar otra fecha para el 3 de ese mismo mes, <strong>Duki se ha convertido en el artista argentino m\u00e1s joven en agotar tickets<\/strong>.<\/p>\n\n\n\n<p>En lo que respecta a Europa, <strong>el flamante novio de Emilia<\/strong> estar\u00e1 all\u00ed durante los meses de junio y julio del a\u00f1o pr\u00f3ximo, en una gira que <strong>incluir\u00e1 a las ciudades de Asturias, Bilbao y Madrid<\/strong>.<\/p>\n","protected":false},"excerpt":{"rendered":"<p>El referente del trap comparti\u00f3 en sus redes sociales que dar\u00e1 un concierto en el estadio del Real Madrid. Los detalles. Duki, el referente m\u00e1s&hellip; <\/p>\n","protected":false},"author":2,"featured_media":619,"comment_status":"open","ping_status":"open","sticky":false,"template":"","format":"standard","meta":{"footnotes":""},"categories":[9,13],"tags":[],"class_list":["post-618","post","type-post","status-publish","format-standard","has-post-thumbnail","hentry","category-destacadas","category-nacionales"],"_links":{"self":[{"href":"https:\/\/lametro989.com\/index.php?rest_route=\/wp\/v2\/posts\/618","targetHints":{"allow":["GET"]}}],"collection":[{"href":"https:\/\/lametro989.com\/index.php?rest_route=\/wp\/v2\/posts"}],"about":[{"href":"https:\/\/lametro989.com\/index.php?rest_route=\/wp\/v2\/types\/post"}],"author":[{"embeddable":true,"href":"https:\/\/lametro989.com\/index.php?rest_route=\/wp\/v2\/users\/2"}],"replies":[{"embeddable":true,"href":"https:\/\/lametro989.com\/index.php?rest_route=%2Fwp%2Fv2%2Fcomments&post=618"}],"version-history":[{"count":1,"href":"https:\/\/lametro989.com\/index.php?rest_route=\/wp\/v2\/posts\/618\/revisions"}],"predecessor-version":[{"id":620,"href":"https:\/\/lametro989.com\/index.php?rest_route=\/wp\/v2\/posts\/618\/revisions\/620"}],"wp:featuredmedia":[{"embeddable":true,"href":"https:\/\/lametro989.com\/index.php?rest_route=\/wp\/v2\/media\/619"}],"wp:attachment":[{"href":"https:\/\/lametro989.com\/index.php?rest_route=%2Fwp%2Fv2%2Fmedia&parent=618"}],"wp:term":[{"taxonomy":"category","embeddable":true,"href":"https:\/\/lametro989.com\/index.php?rest_route=%2Fwp%2Fv2%2Fcategories&post=618"},{"taxonomy":"post_tag","embeddable":true,"href":"https:\/\/lametro989.com\/index.php?rest_route=%2Fwp%2Fv2%2Ftags&post=618"}],"curies":[{"name":"wp","href":"https:\/\/api.w.org\/{rel}","templated":true}]}}