{"id":621,"date":"2023-07-01T20:00:29","date_gmt":"2023-07-01T23:00:29","guid":{"rendered":"https:\/\/lametro989.com\/?p=621"},"modified":"2023-07-01T20:00:29","modified_gmt":"2023-07-01T23:00:29","slug":"el-mensaje-de-sergio-massa-a-malena-galmarini-por-su-pedido-para-la-interna-en-tigre","status":"publish","type":"post","link":"https:\/\/lametro989.com\/?p=621","title":{"rendered":"El mensaje de Sergio Massa a Malena Galmarini por su pedido para la interna en Tigre"},"content":{"rendered":"\n<p>El candidato presidencial de UxP le dedic\u00f3 un tuit a su esposa, luego de que ella solicitara que se le permita candidatearse a Julio Zamora por la intendencia del distrito norte\u00f1o.<\/p>\n\n\n\n<figure class=\"wp-block-image size-full\"><img loading=\"lazy\" decoding=\"async\" width=\"730\" height=\"410\" src=\"https:\/\/lametro989.com\/wp-content\/uploads\/2023\/07\/imagen-4.png\" alt=\"\" class=\"wp-image-622\" srcset=\"https:\/\/lametro989.com\/wp-content\/uploads\/2023\/07\/imagen-4.png 730w, https:\/\/lametro989.com\/wp-content\/uploads\/2023\/07\/imagen-4-300x168.png 300w\" sizes=\"auto, (max-width: 730px) 100vw, 730px\" \/><\/figure>\n\n\n\n<p>La precandidata a intendenta de Tigre (UxP) y titular de Aysa, <strong>Malena Galmarini<\/strong>, solicit\u00f3 este s\u00e1bado a la Junta Electoral de la coalici\u00f3n oficialista que &#8220;autorice la candidatura y competencia&#8221; del actual intendente Julio Zamora, luego de que su postulaci\u00f3n fuera impugnada, y asever\u00f3 que los vecinos de ese distrito bonaerense &#8220;son los que tienen el derecho de elegir&#8221;.<\/p>\n\n\n\n<p>&#8220;Le pido a la Junta Electoral de Uni\u00f3n por la Patria que autorice la candidatura y competencia del Intendente, porque nuestros vecinos de Tigre, que quieren m\u00e1s para su futuro, son los que tienen el derecho de elegir&#8221;, tuite\u00f3 Galmarini.<\/p>\n\n\n\n<p>Lo hizo luego de que la junta electoral de UxP notificara a<strong> Zamora <\/strong>que no se podr\u00e1 oficializar su postulaci\u00f3n para competir en ese distrito con Galmarini, en el marco de las primarias abiertas, simult\u00e1neas y obligatorias (PASO) del 13 de agosto, hasta que no desista de integrar las listas de otros partidos pol\u00edticos.<\/p>\n\n\n\n<p>Luego de la publicaci\u00f3n de Galmarini, el ministro de Econom\u00eda y precandidato presidencial de Uni\u00f3n por la Patria (UxP), Sergio Massa, le dedic\u00f3 un mensaje a su esposa: &#8220;Admiro tu amor por Tigre y por la patria. Tu valent\u00eda y generosidad. A\u00fan en las decisiones en las que podemos tener miradas distintas&#8221;.<\/p>\n\n\n\n<p>En su posteo de hoy, Galmarini expres\u00f3: &#8220;<strong>Amo a Tigre y a su gente como a pocas cosas en este mundo, y s\u00e9 que puede volver a ser un lugar de referencia como lo fue con (el exintendente Ricardo) Ubieto y con Sergio Massa&#8221; y agreg\u00f3: &#8220;Creo en la uni\u00f3n como mecanismo de suma de esfuerzos, pero tambi\u00e9n en la democracia y la competencia electoral como m\u00e9todo para dirimir liderazgos&#8221;.<\/strong><\/p>\n\n\n\n<p>En ese contexto, afirm\u00f3 que si Zamora &#8220;quiere venir a las PASO de Uni\u00f3n por la Patria y competir abandonando las otras postulaciones que present\u00f3 en otros partidos pol\u00edticos, bienvenido a las PASO&#8221;.<\/p>\n\n\n\n<p>&#8220;Y si est\u00e1 dispuesto a acompa\u00f1ar a Massa, porque cambi\u00f3 de opini\u00f3n en los \u00faltimos d\u00edas, tambi\u00e9n bienvenido, porque nada m\u00e1s maravilloso para Tigre que un vecino nuestro sea Presidente&#8221;, dijo y le pidi\u00f3 a junta electoral de UxP que &#8220;autorice la candidatura y competencia del Intendente, porque Nuestros vecinos de Tigre, que quieren m\u00e1s para su futuro, son los que tienen el derecho de elegir&#8221;.<\/p>\n\n\n\n<p>Seg\u00fan la Resoluci\u00f3n N\u00famero 12 de la junta electoral, la n\u00f3mina de Zamora en ese distrito de la primera secci\u00f3n electoral fue observada &#8220;por triples precandidaturas en distintas agrupaciones pol\u00edticas, en lista de precandidatos a intendente y a cargos municipales&#8221;.<\/p>\n\n\n\n<p>El jefe comunal se encuentran registrado &#8220;ante la Junta Electoral de la provincia de Buenos Aires, adem\u00e1s de la presentaci\u00f3n ante esta junta, y ante las agrupaciones municipales &#8216;Tigre Comunidad de Vida&#8217; y &#8216;Acci\u00f3n Comunal de Tigre'&#8221; y se le pide que &#8220;acredite&#8221; que desisti\u00f3 de ellas.<\/p>\n\n\n\n<p>As\u00ed, UxP fij\u00f3 el jueves a la medianoche un plazo de cuatro d\u00edas para que Zamora aclare la situaci\u00f3n y luego habr\u00e1 otros cinco d\u00edas para resolver.<\/p>\n\n\n\n<p>En los \u00faltimos d\u00edas, cuatro funcionarios del municipio de Tigre renunciaron en disidencia con la estrategia de Zamora de inscribir en tres diferentes listas su precandidatura para un nuevo mandato, lo que gener\u00f3 acusaciones cruzadas entre el jefe comunal y el sector que lleva como postulante a Galmarini, quienes alertaron sobre la existencia de &#8220;una crisis interna&#8221; en el Ejecutivo local.<\/p>\n\n\n\n<p>Zamora inscribi\u00f3 su precandidatura y una lista de concejales por tres partidos diferentes. En primer t\u00e9rmino, present\u00f3 su precandidatura por dos partidos vecinalistas: Agrupaci\u00f3n Vecinal Tigre Comunidad de Vida, creada por Zamora; y Acci\u00f3n Comunal, la fuerza pol\u00edtica fundada por el ex intendente Ricardo Ubieto, que gobern\u00f3 Tigre desde 1987 hasta su fallecimiento, en 2006.<\/p>\n\n\n\n<p>La tercera lista inscripta por el actual jefe comunal fue dentro de UxP, con la particularidad de que es una lista corta, solamente para intendente.<\/p>\n","protected":false},"excerpt":{"rendered":"<p>El candidato presidencial de UxP le dedic\u00f3 un tuit a su esposa, luego de que ella solicitara que se le permita candidatearse a Julio Zamora&hellip; <\/p>\n","protected":false},"author":2,"featured_media":622,"comment_status":"open","ping_status":"open","sticky":false,"template":"","format":"standard","meta":{"footnotes":""},"categories":[5],"tags":[],"class_list":["post-621","post","type-post","status-publish","format-standard","has-post-thumbnail","hentry","category-politica"],"_links":{"self":[{"href":"https:\/\/lametro989.com\/index.php?rest_route=\/wp\/v2\/posts\/621","targetHints":{"allow":["GET"]}}],"collection":[{"href":"https:\/\/lametro989.com\/index.php?rest_route=\/wp\/v2\/posts"}],"about":[{"href":"https:\/\/lametro989.com\/index.php?rest_route=\/wp\/v2\/types\/post"}],"author":[{"embeddable":true,"href":"https:\/\/lametro989.com\/index.php?rest_route=\/wp\/v2\/users\/2"}],"replies":[{"embeddable":true,"href":"https:\/\/lametro989.com\/index.php?rest_route=%2Fwp%2Fv2%2Fcomments&post=621"}],"version-history":[{"count":1,"href":"https:\/\/lametro989.com\/index.php?rest_route=\/wp\/v2\/posts\/621\/revisions"}],"predecessor-version":[{"id":623,"href":"https:\/\/lametro989.com\/index.php?rest_route=\/wp\/v2\/posts\/621\/revisions\/623"}],"wp:featuredmedia":[{"embeddable":true,"href":"https:\/\/lametro989.com\/index.php?rest_route=\/wp\/v2\/media\/622"}],"wp:attachment":[{"href":"https:\/\/lametro989.com\/index.php?rest_route=%2Fwp%2Fv2%2Fmedia&parent=621"}],"wp:term":[{"taxonomy":"category","embeddable":true,"href":"https:\/\/lametro989.com\/index.php?rest_route=%2Fwp%2Fv2%2Fcategories&post=621"},{"taxonomy":"post_tag","embeddable":true,"href":"https:\/\/lametro989.com\/index.php?rest_route=%2Fwp%2Fv2%2Ftags&post=621"}],"curies":[{"name":"wp","href":"https:\/\/api.w.org\/{rel}","templated":true}]}}