{"id":624,"date":"2023-07-01T20:04:16","date_gmt":"2023-07-01T23:04:16","guid":{"rendered":"https:\/\/lametro989.com\/?p=624"},"modified":"2023-07-01T20:04:16","modified_gmt":"2023-07-01T23:04:16","slug":"espana-promete-apoyar-a-ucrania-sin-importar-el-precio-que-haya-que-pagar","status":"publish","type":"post","link":"https:\/\/lametro989.com\/?p=624","title":{"rendered":"Espa\u00f1a promete apoyar a Ucrania &#8220;sin importar el precio que haya que pagar&#8221;"},"content":{"rendered":"\n<p>Pedro S\u00e1nchez, presidente del Gobierno de Espa\u00f1a, prometi\u00f3 su apoyo por &#8220;el tiempo que haga falta&#8221; despu\u00e9s de arribar hoy a Kiev para dar inicio a la Presidencia espa\u00f1ola de la Uni\u00f3n Europea.<\/p>\n\n\n\n<figure class=\"wp-block-image size-large\"><img loading=\"lazy\" decoding=\"async\" width=\"1024\" height=\"554\" src=\"https:\/\/lametro989.com\/wp-content\/uploads\/2023\/07\/imagen-5-1024x554.png\" alt=\"\" class=\"wp-image-625\" srcset=\"https:\/\/lametro989.com\/wp-content\/uploads\/2023\/07\/imagen-5-1024x554.png 1024w, https:\/\/lametro989.com\/wp-content\/uploads\/2023\/07\/imagen-5-300x162.png 300w, https:\/\/lametro989.com\/wp-content\/uploads\/2023\/07\/imagen-5-768x415.png 768w, https:\/\/lametro989.com\/wp-content\/uploads\/2023\/07\/imagen-5.png 1158w\" sizes=\"auto, (max-width: 1024px) 100vw, 1024px\" \/><\/figure>\n\n\n\n<p>En su primer discurso ante el Parlamento en Kiev, previo a reunirse con el presidente Volod\u00edmir Zelenski, <strong>Pedro<\/strong> <strong>S\u00e1nchez<\/strong> <strong>afirm\u00f3 la nueva posici\u00f3n de Espa\u00f1a dentro de la <a href=\"https:\/\/www.canal26.com\/tag\/union-europea--4983\" target=\"_blank\" rel=\"noreferrer noopener\">UE<\/a><\/strong>: &#8220;Hoy, 1 de julio, Espa\u00f1a asume la gran responsabilidad de asumir la presidencia rotatoria del Consejo de la Uni\u00f3n Europea para los pr\u00f3ximos seis meses&#8221;. El encuentro ser\u00e1 el primero de S\u00e1nchez luego de que su pa\u00eds asuma la Presidencia del bloque.<\/p>\n\n\n\n<p>El mandatario espa\u00f1ol <strong>brind\u00f3 todo su apoyo<\/strong> al sugerir que deb\u00eda considerarse seriamente la<strong> adhesi\u00f3n de Ucrania<\/strong> a la UE y adem\u00e1s, potenciar la oportunidad de participaci\u00f3n pol\u00edtica del pa\u00eds a trav\u00e9s de la creaci\u00f3n de un Consejo <strong>OTAN-Ucrania.<\/strong><\/p>\n\n\n\n<p><img decoding=\"async\" src=\"https:\/\/www.canal26.com\/media\/image\/2023\/07\/01\/549887.jpg\" alt=\"Pedro S\u00e1nchez y Volod\u00edmir Zelenski en Kiev. Foto: EFE.\"> Pedro S\u00e1nchez y Volod\u00edmir Zelenski en Kiev. Foto: EFE.<\/p>\n\n\n\n<p>De la misma forma, manifest\u00f3 que s\u00f3lo Ucrania puede fijar &#8220;los t\u00e9rminos y los tiempos de las negociaciones de paz&#8221; en el contexto de la <strong>&#8220;ilegal e injustificada agresi\u00f3n rusa&#8221;<\/strong>.<\/p>\n\n\n\n<p>En el caso de Brasil y China que sugirieron una <strong>&#8220;paz justa y duradera&#8221;<\/strong> frente al <a href=\"https:\/\/www.canal26.com\/tag\/guerra-rusia-ucrania--16390\" target=\"_blank\" rel=\"noreferrer noopener\">conflicto b\u00e9lico<\/a>, S\u00e1nchez se pronunci\u00f3 en contra, luego de agradecer las posturas, ya que argument\u00f3 que no se pueden aceptar ese tipo de propuestas cuando<strong> se trata de &#8220;una guerra de agresi\u00f3n con un agresor y una v\u00edctima&#8221;.<\/strong><\/p>\n\n\n\n<p>Con firmeza sentenci\u00f3 que <strong>&#8220;No se puede tratar por igual&#8221; a <a href=\"https:\/\/www.canal26.com\/tag\/rusia--1923\" target=\"_blank\" rel=\"noreferrer noopener\">Rusia<\/a> y a Ucrania<\/strong>, mientas que por otro lado se mostr\u00f3 a favor de la <strong>&#8220;f\u00f3rmula de paz&#8221; de Zelenski<\/strong>, la cual seg\u00fan palabras de S\u00e1nchez, &#8220;es respetuosa con el derecho internacional y la Carta de Naciones Unidas&#8221;.<\/p>\n\n\n\n<p>Al mando de la UE, afirm\u00f3 que <strong>el<\/strong> <strong>objetivo de su visita<\/strong> a Kiev es demostrar el <strong>&#8220;apoyo inquebrantable&#8221;<\/strong> de la Uni\u00f3n Europea a <a href=\"https:\/\/www.canal26.com\/tag\/ucrania--7713\" target=\"_blank\" rel=\"noreferrer noopener\">Ucrania<\/a>.<\/p>\n\n\n\n<p><img decoding=\"async\" src=\"https:\/\/www.canal26.com\/media\/image\/2023\/07\/01\/549888.jpg\" alt=\"Pedro S\u00e1nchez y Volod\u00edmir Zelenski en Kiev. Foto: EFE.\"> Pedro S\u00e1nchez y Volod\u00edmir Zelenski en Kiev. Foto: EFE.<\/p>\n\n\n\n<h2 class=\"wp-block-heading\">Ucrania y su futuro con las relaciones internacionales<\/h2>\n\n\n\n<p>Este a\u00f1o, el pa\u00eds gobernado por Zelenski, <strong>aguarda<\/strong> que se den por comenzadas las negociaciones formales con los pasos a seguir para <strong>ser miembro activo de la UE.<\/strong><\/p>\n\n\n\n<p>Esta semana tambi\u00e9n <strong>buscando expandir su apoyo internacional<\/strong>, desde Kiev comunicaron que hab\u00eda llegado el momento de que la <strong><a href=\"https:\/\/www.canal26.com\/tag\/otan--1348\" target=\"_blank\" rel=\"noreferrer noopener\">OTAN<\/a> afirme su postura<\/strong> en relaci\u00f3n a la adhesi\u00f3n de Ucrania.<\/p>\n\n\n\n<p>En ese contexto, la alianza militar tendr\u00e1 a finales de julio una cumbre en Vilna, Lituania, donde se abordar\u00e1 la <strong>posible futura relaci\u00f3n entre Ucrania y el resto de los miembros.<\/strong><\/p>\n","protected":false},"excerpt":{"rendered":"<p>Pedro S\u00e1nchez, presidente del Gobierno de Espa\u00f1a, prometi\u00f3 su apoyo por &#8220;el tiempo que haga falta&#8221; despu\u00e9s de arribar hoy a Kiev para dar inicio&hellip; <\/p>\n","protected":false},"author":2,"featured_media":625,"comment_status":"open","ping_status":"open","sticky":false,"template":"","format":"standard","meta":{"footnotes":""},"categories":[5],"tags":[],"class_list":["post-624","post","type-post","status-publish","format-standard","has-post-thumbnail","hentry","category-politica"],"_links":{"self":[{"href":"https:\/\/lametro989.com\/index.php?rest_route=\/wp\/v2\/posts\/624","targetHints":{"allow":["GET"]}}],"collection":[{"href":"https:\/\/lametro989.com\/index.php?rest_route=\/wp\/v2\/posts"}],"about":[{"href":"https:\/\/lametro989.com\/index.php?rest_route=\/wp\/v2\/types\/post"}],"author":[{"embeddable":true,"href":"https:\/\/lametro989.com\/index.php?rest_route=\/wp\/v2\/users\/2"}],"replies":[{"embeddable":true,"href":"https:\/\/lametro989.com\/index.php?rest_route=%2Fwp%2Fv2%2Fcomments&post=624"}],"version-history":[{"count":1,"href":"https:\/\/lametro989.com\/index.php?rest_route=\/wp\/v2\/posts\/624\/revisions"}],"predecessor-version":[{"id":626,"href":"https:\/\/lametro989.com\/index.php?rest_route=\/wp\/v2\/posts\/624\/revisions\/626"}],"wp:featuredmedia":[{"embeddable":true,"href":"https:\/\/lametro989.com\/index.php?rest_route=\/wp\/v2\/media\/625"}],"wp:attachment":[{"href":"https:\/\/lametro989.com\/index.php?rest_route=%2Fwp%2Fv2%2Fmedia&parent=624"}],"wp:term":[{"taxonomy":"category","embeddable":true,"href":"https:\/\/lametro989.com\/index.php?rest_route=%2Fwp%2Fv2%2Fcategories&post=624"},{"taxonomy":"post_tag","embeddable":true,"href":"https:\/\/lametro989.com\/index.php?rest_route=%2Fwp%2Fv2%2Ftags&post=624"}],"curies":[{"name":"wp","href":"https:\/\/api.w.org\/{rel}","templated":true}]}}