{"id":627,"date":"2023-07-01T20:06:16","date_gmt":"2023-07-01T23:06:16","guid":{"rendered":"https:\/\/lametro989.com\/?p=627"},"modified":"2023-07-01T20:06:16","modified_gmt":"2023-07-01T23:06:16","slug":"morales-apunto-contra-el-gobierno-por-estar-empujando-a-la-violencia","status":"publish","type":"post","link":"https:\/\/lametro989.com\/?p=627","title":{"rendered":"Morales apunt\u00f3 contra el Gobierno por estar \u2018\u2018empujando a la violencia\u2019\u2019"},"content":{"rendered":"\n<p>El precandidato a vicepresidente\u00a0por Juntos por el Cambio y\u00a0<strong>gobernador de Jujuy, Gerardo Morales,\u00a0afirm\u00f3 que el pedido de anulaci\u00f3n de la reforma de la Constituci\u00f3n\u00a0provincial &#8220;es prueba elocuente de que el Gobierno est\u00e1 empujando\u00a0a la violencia&#8221; en el distrito norte\u00f1o.<\/strong><\/p>\n\n\n\n<figure class=\"wp-block-image size-full\"><img loading=\"lazy\" decoding=\"async\" width=\"696\" height=\"411\" src=\"https:\/\/lametro989.com\/wp-content\/uploads\/2023\/07\/imagen-6.png\" alt=\"\" class=\"wp-image-628\" srcset=\"https:\/\/lametro989.com\/wp-content\/uploads\/2023\/07\/imagen-6.png 696w, https:\/\/lametro989.com\/wp-content\/uploads\/2023\/07\/imagen-6-300x177.png 300w\" sizes=\"auto, (max-width: 696px) 100vw, 696px\" \/><\/figure>\n\n\n\n<p>&#8220;Todo lo que ha pasado en Jujuy ha tenido distintas&nbsp;motivaciones. Una es t<strong>apar la situaci\u00f3n del Chaco, el Estado&nbsp;paralelo de Emerenciano Sena,<\/strong>&nbsp;que ha generado un sistema de&nbsp;violencia y de corrupci\u00f3n, como Milagro Sala&#8221;, sostuvo el titular del Comit\u00e9 Nacional de la UCR.<\/p>\n\n\n\n<p>En declaraciones radiales, el referente opositor<strong>&nbsp;cuestion\u00f3 la presentaci\u00f3n judicial que hizo el Gobierno contra algunos art\u00edculos de la reformada Constituci\u00f3n provincial.<\/strong><\/p>\n\n\n\n<p>&#8220;El pedido de anulaci\u00f3n de la reforma de la Constituci\u00f3n es la\u00a0prueba elocuente de que el Gobierno est\u00e1 empujando la violencia en Jujuy&#8221;, subray\u00f3.<\/p>\n\n\n\n<p>Por otra parte, al referirse a los cruces que se dieron entre los precandidatos presidenciales de Juntos por el Cambio, Horacio Rodr\u00edguez Larreta y Patricia Bullrich, Morales respald\u00f3 a su compa\u00f1ero de f\u00f3rmula.<\/p>\n\n\n\n<p><strong>&#8220;Horacio no ha producido ninguna descalificaci\u00f3n personal. Nosotros no vamos a entrar en descalificaciones personales.<\/strong>&nbsp;Me parece que ese no es el camino, lo que tenemos que hacer en esta campa\u00f1a es debatir ideas, plantear ejes de programa de Gobierno&#8221;, se\u00f1al\u00f3.<\/p>\n\n\n\n<p>Y agreg\u00f3:&nbsp;<strong>&#8220;Los dos somos gobernadores y jefes de gobierno, estamos en gesti\u00f3n, hemos logrado consolidar un espacio muy amplio,<\/strong>&nbsp;casi todas las fuerzas pol\u00edticas que integran Juntos por&nbsp;el Cambio forman parte de nuestro espacio&#8221;.<\/p>\n\n\n\n<p>&#8220;Ahora bien,&nbsp;<strong>que hayamos dejado el gobierno en 2019 y haya vuelto el kirchnerismo no fue un \u00e9xito.<\/strong>&nbsp;Si alguien piensa que eso fue un \u00e9xito, me parece que se equivoca. Fuimos una gesti\u00f3n que hizo cosas bien y cosas mal. Si perdimos las elecciones, fue porque hay cosas que hicimos mal y nos incluimos en ese proceso&#8221;, manifest\u00f3.<\/p>\n\n\n\n<p>Al analizar el escenario de cara a las PASO, Morales estim\u00f3 que&nbsp;<strong>&#8220;la elecci\u00f3n va a estar palo y palo, cabeza a cabeza&#8221;<\/strong>&nbsp;y a\u00f1adi\u00f3: &#8220;Nuestro sector dentro de Juntos por el Cambio es la expresi\u00f3n de&nbsp;la amplitud y la musculatura que necesita el nuevo Gobierno&#8221;.<\/p>\n","protected":false},"excerpt":{"rendered":"<p>El precandidato a vicepresidente\u00a0por Juntos por el Cambio y\u00a0gobernador de Jujuy, Gerardo Morales,\u00a0afirm\u00f3 que el pedido de anulaci\u00f3n de la reforma de la Constituci\u00f3n\u00a0provincial &#8220;es&hellip; <\/p>\n","protected":false},"author":2,"featured_media":628,"comment_status":"open","ping_status":"open","sticky":false,"template":"","format":"standard","meta":{"footnotes":""},"categories":[9,5],"tags":[],"class_list":["post-627","post","type-post","status-publish","format-standard","has-post-thumbnail","hentry","category-destacadas","category-politica"],"_links":{"self":[{"href":"https:\/\/lametro989.com\/index.php?rest_route=\/wp\/v2\/posts\/627","targetHints":{"allow":["GET"]}}],"collection":[{"href":"https:\/\/lametro989.com\/index.php?rest_route=\/wp\/v2\/posts"}],"about":[{"href":"https:\/\/lametro989.com\/index.php?rest_route=\/wp\/v2\/types\/post"}],"author":[{"embeddable":true,"href":"https:\/\/lametro989.com\/index.php?rest_route=\/wp\/v2\/users\/2"}],"replies":[{"embeddable":true,"href":"https:\/\/lametro989.com\/index.php?rest_route=%2Fwp%2Fv2%2Fcomments&post=627"}],"version-history":[{"count":1,"href":"https:\/\/lametro989.com\/index.php?rest_route=\/wp\/v2\/posts\/627\/revisions"}],"predecessor-version":[{"id":629,"href":"https:\/\/lametro989.com\/index.php?rest_route=\/wp\/v2\/posts\/627\/revisions\/629"}],"wp:featuredmedia":[{"embeddable":true,"href":"https:\/\/lametro989.com\/index.php?rest_route=\/wp\/v2\/media\/628"}],"wp:attachment":[{"href":"https:\/\/lametro989.com\/index.php?rest_route=%2Fwp%2Fv2%2Fmedia&parent=627"}],"wp:term":[{"taxonomy":"category","embeddable":true,"href":"https:\/\/lametro989.com\/index.php?rest_route=%2Fwp%2Fv2%2Fcategories&post=627"},{"taxonomy":"post_tag","embeddable":true,"href":"https:\/\/lametro989.com\/index.php?rest_route=%2Fwp%2Fv2%2Ftags&post=627"}],"curies":[{"name":"wp","href":"https:\/\/api.w.org\/{rel}","templated":true}]}}