{"id":630,"date":"2023-07-01T20:08:56","date_gmt":"2023-07-01T23:08:56","guid":{"rendered":"https:\/\/lametro989.com\/?p=630"},"modified":"2023-07-01T20:08:56","modified_gmt":"2023-07-01T23:08:56","slug":"la-nueva-propuesta-de-horacio-rodriguez-larreta-para-trabajadores-independientes","status":"publish","type":"post","link":"https:\/\/lametro989.com\/?p=630","title":{"rendered":"La nueva propuesta de Horacio Rodr\u00edguez Larreta para trabajadores independientes"},"content":{"rendered":"\n<p>El precandidato de Juntos por el Cambio (JxC) plantea ahora un &#8220;nuevo r\u00e9gimen para trabajadores independientes&#8221;. En qu\u00e9 consistir\u00eda.<\/p>\n\n\n\n<figure class=\"wp-block-image size-full\"><img loading=\"lazy\" decoding=\"async\" width=\"610\" height=\"385\" src=\"https:\/\/lametro989.com\/wp-content\/uploads\/2023\/07\/imagen-7.png\" alt=\"\" class=\"wp-image-631\" srcset=\"https:\/\/lametro989.com\/wp-content\/uploads\/2023\/07\/imagen-7.png 610w, https:\/\/lametro989.com\/wp-content\/uploads\/2023\/07\/imagen-7-300x189.png 300w\" sizes=\"auto, (max-width: 610px) 100vw, 610px\" \/><\/figure>\n\n\n\n<p>Horacio <strong>Rodr\u00edguez Larreta sigue en campa\u00f1a, presentando sus propuestas electorales con la visa puesta en las PASO del 13 de agosto pr\u00f3ximo<\/strong>, cuando tendr\u00e1 que enfrentar a Patricia Bullrich para definir el o la candidata de Juntos por el Cambio (JxC) para las generales del 22 de octubre.<\/p>\n\n\n\n<p>En efecto, despu\u00e9s de <strong>la fallida \u201cno voy a ser presidente\u201d que tantas cr\u00edticas y respuestas en redes sociales recogiera<\/strong>, el actual jefe de Gobierno porte\u00f1o parece centrar su campa\u00f1a en cuestiones propositivas.Esta vez, proponiendo un \u201cnuevo r\u00e9gimen para trabajadores independientes\u201d que, seg\u00fan el precandidato, <strong>los trabajadores independientes o monotributistas van a \u201cpoder acceder a una licencia por nacimiento y tener ART\u201d<\/strong>.Esta vez, proponiendo un \u201cnuevo r\u00e9gimen para trabajadores independientes\u201d que, seg\u00fan el precandidato, <strong>los trabajadores independientes o monotributistas van a \u201cpoder acceder a una licencia por nacimiento y tener ART\u201d<\/strong>.<\/p>\n","protected":false},"excerpt":{"rendered":"<p>El precandidato de Juntos por el Cambio (JxC) plantea ahora un &#8220;nuevo r\u00e9gimen para trabajadores independientes&#8221;. En qu\u00e9 consistir\u00eda. Horacio Rodr\u00edguez Larreta sigue en campa\u00f1a,&hellip; <\/p>\n","protected":false},"author":2,"featured_media":631,"comment_status":"open","ping_status":"open","sticky":false,"template":"","format":"standard","meta":{"footnotes":""},"categories":[5],"tags":[],"class_list":["post-630","post","type-post","status-publish","format-standard","has-post-thumbnail","hentry","category-politica"],"_links":{"self":[{"href":"https:\/\/lametro989.com\/index.php?rest_route=\/wp\/v2\/posts\/630","targetHints":{"allow":["GET"]}}],"collection":[{"href":"https:\/\/lametro989.com\/index.php?rest_route=\/wp\/v2\/posts"}],"about":[{"href":"https:\/\/lametro989.com\/index.php?rest_route=\/wp\/v2\/types\/post"}],"author":[{"embeddable":true,"href":"https:\/\/lametro989.com\/index.php?rest_route=\/wp\/v2\/users\/2"}],"replies":[{"embeddable":true,"href":"https:\/\/lametro989.com\/index.php?rest_route=%2Fwp%2Fv2%2Fcomments&post=630"}],"version-history":[{"count":1,"href":"https:\/\/lametro989.com\/index.php?rest_route=\/wp\/v2\/posts\/630\/revisions"}],"predecessor-version":[{"id":632,"href":"https:\/\/lametro989.com\/index.php?rest_route=\/wp\/v2\/posts\/630\/revisions\/632"}],"wp:featuredmedia":[{"embeddable":true,"href":"https:\/\/lametro989.com\/index.php?rest_route=\/wp\/v2\/media\/631"}],"wp:attachment":[{"href":"https:\/\/lametro989.com\/index.php?rest_route=%2Fwp%2Fv2%2Fmedia&parent=630"}],"wp:term":[{"taxonomy":"category","embeddable":true,"href":"https:\/\/lametro989.com\/index.php?rest_route=%2Fwp%2Fv2%2Fcategories&post=630"},{"taxonomy":"post_tag","embeddable":true,"href":"https:\/\/lametro989.com\/index.php?rest_route=%2Fwp%2Fv2%2Ftags&post=630"}],"curies":[{"name":"wp","href":"https:\/\/api.w.org\/{rel}","templated":true}]}}