{"id":633,"date":"2023-07-01T20:58:45","date_gmt":"2023-07-01T23:58:45","guid":{"rendered":"https:\/\/lametro989.com\/?p=633"},"modified":"2023-07-01T21:27:51","modified_gmt":"2023-07-02T00:27:51","slug":"elecciones-2023-el-debate-electoral-para-gobernadores-solo-contara-con-capitanich-zdero-y-martinez","status":"publish","type":"post","link":"https:\/\/lametro989.com\/?p=633","title":{"rendered":"Elecciones 2023: el debate electoral para gobernadores solo contar\u00e1 con Capitanich, Zdero y Mart\u00ednez"},"content":{"rendered":"\n<p>Tras las PASO, marcadas por la baja concurrencia y los m\u00e1s de 68.000 votos en blanco, los candidatos a ocupar el Sill\u00f3n de Obligado tendr\u00e1n que enfrentarse a un escenario de escepticismo.<\/p>\n\n\n\n<figure class=\"wp-block-image size-full\"><img loading=\"lazy\" decoding=\"async\" width=\"850\" height=\"573\" src=\"https:\/\/lametro989.com\/wp-content\/uploads\/2023\/07\/imagen-8.png\" alt=\"\" class=\"wp-image-634\" srcset=\"https:\/\/lametro989.com\/wp-content\/uploads\/2023\/07\/imagen-8.png 850w, https:\/\/lametro989.com\/wp-content\/uploads\/2023\/07\/imagen-8-300x202.png 300w, https:\/\/lametro989.com\/wp-content\/uploads\/2023\/07\/imagen-8-768x518.png 768w\" sizes=\"auto, (max-width: 850px) 100vw, 850px\" \/><\/figure>\n\n\n\n<p><strong>El 27 de agosto en Charata y el 4 de septiembre en Resistencia se realizar\u00e1n los debates electorales para los candidatos a gobernador que superaron el 5% de los votos<\/strong> en las primarias, abiertas, simultaneas y obligatorias que se realizaron el pasado 18 de junio.<\/p>\n\n\n\n<p>Los candidatos que superaron ese umbral solo son <strong>Jorge Capitanich<\/strong> (Frente Chaque\u00f1o), <strong>Leandro Zdero<\/strong> (Juntos por el Cambio) y <strong>Gustavo Mart\u00ednez<\/strong> (Corriente de Expresi\u00f3n Renovada). Si se tiene en cuenta el elevado n\u00famero de <strong>votos en blanco<\/strong>&nbsp; (si fuese un frente electoral se quedaba con el tercer lugar), los aspirantes al Sill\u00f3n de Obligado enfocar\u00e1n su estrategia en seducir a los esc\u00e9pticos que no votaron por ninguno de ellos.<\/p>\n\n\n\n<p>Los debates electorales en Chaco son obligatorios y pueden participar quienes en la categor\u00eda gobernaci\u00f3n superaron el 5% y en la de diputados provinciales el 3%.<\/p>\n\n\n\n<p>En cuando a los candidatos a diputados provinciales, quienes podr\u00e1n debatir el 28 de agosto y el 5 de septiembre, las listas que podr\u00e1n competir son el Frente Chaque\u00f1o, Juntos por el Cambio, Corriente de Expresi\u00f3n Renovada y el Frente Integrador, que en esta categor\u00eda cosecharon el 3,81% de los votos.<\/p>\n","protected":false},"excerpt":{"rendered":"<p>Tras las PASO, marcadas por la baja concurrencia y los m\u00e1s de 68.000 votos en blanco, los candidatos a ocupar el Sill\u00f3n de Obligado tendr\u00e1n&hellip; <\/p>\n","protected":false},"author":2,"featured_media":634,"comment_status":"open","ping_status":"open","sticky":false,"template":"","format":"standard","meta":{"footnotes":""},"categories":[9,2],"tags":[],"class_list":["post-633","post","type-post","status-publish","format-standard","has-post-thumbnail","hentry","category-destacadas","category-provinciales"],"_links":{"self":[{"href":"https:\/\/lametro989.com\/index.php?rest_route=\/wp\/v2\/posts\/633","targetHints":{"allow":["GET"]}}],"collection":[{"href":"https:\/\/lametro989.com\/index.php?rest_route=\/wp\/v2\/posts"}],"about":[{"href":"https:\/\/lametro989.com\/index.php?rest_route=\/wp\/v2\/types\/post"}],"author":[{"embeddable":true,"href":"https:\/\/lametro989.com\/index.php?rest_route=\/wp\/v2\/users\/2"}],"replies":[{"embeddable":true,"href":"https:\/\/lametro989.com\/index.php?rest_route=%2Fwp%2Fv2%2Fcomments&post=633"}],"version-history":[{"count":1,"href":"https:\/\/lametro989.com\/index.php?rest_route=\/wp\/v2\/posts\/633\/revisions"}],"predecessor-version":[{"id":635,"href":"https:\/\/lametro989.com\/index.php?rest_route=\/wp\/v2\/posts\/633\/revisions\/635"}],"wp:featuredmedia":[{"embeddable":true,"href":"https:\/\/lametro989.com\/index.php?rest_route=\/wp\/v2\/media\/634"}],"wp:attachment":[{"href":"https:\/\/lametro989.com\/index.php?rest_route=%2Fwp%2Fv2%2Fmedia&parent=633"}],"wp:term":[{"taxonomy":"category","embeddable":true,"href":"https:\/\/lametro989.com\/index.php?rest_route=%2Fwp%2Fv2%2Fcategories&post=633"},{"taxonomy":"post_tag","embeddable":true,"href":"https:\/\/lametro989.com\/index.php?rest_route=%2Fwp%2Fv2%2Ftags&post=633"}],"curies":[{"name":"wp","href":"https:\/\/api.w.org\/{rel}","templated":true}]}}