{"id":646,"date":"2023-07-01T21:24:00","date_gmt":"2023-07-02T00:24:00","guid":{"rendered":"https:\/\/lametro989.com\/?p=646"},"modified":"2023-07-01T21:24:00","modified_gmt":"2023-07-02T00:24:00","slug":"sergio-rondina-dio-un-pantallazo-de-la-situacion-de-centurion","status":"publish","type":"post","link":"https:\/\/lametro989.com\/?p=646","title":{"rendered":"Sergio Rondina dio un pantallazo de la situaci\u00f3n de Centuri\u00f3n"},"content":{"rendered":"\n<p>El entrenador de Barracas Central explic\u00f3 que la decisi\u00f3n sobre el futuro del futbolista est\u00e1 en manos de los dirigentes.<\/p>\n\n\n\n<figure class=\"wp-block-image size-large\"><img loading=\"lazy\" decoding=\"async\" width=\"1024\" height=\"648\" src=\"https:\/\/lametro989.com\/wp-content\/uploads\/2023\/07\/imagen-13-1024x648.png\" alt=\"\" class=\"wp-image-647\" srcset=\"https:\/\/lametro989.com\/wp-content\/uploads\/2023\/07\/imagen-13-1024x648.png 1024w, https:\/\/lametro989.com\/wp-content\/uploads\/2023\/07\/imagen-13-300x190.png 300w, https:\/\/lametro989.com\/wp-content\/uploads\/2023\/07\/imagen-13-768x486.png 768w, https:\/\/lametro989.com\/wp-content\/uploads\/2023\/07\/imagen-13.png 1422w\" sizes=\"auto, (max-width: 1024px) 100vw, 1024px\" \/><\/figure>\n\n\n\n<p><strong><a href=\"https:\/\/www.elgrafico.com.ar\/busqueda?termino=SERGIO+RONDINA\">SERGIO RONDINA<\/a>&nbsp;admiti\u00f3&nbsp;que Ricardo Centuri\u00f3n<\/strong>, quien fuera contrataci\u00f3n franquicia<strong>, tiene los d\u00edas contados <\/strong>en la instituci\u00f3n de Parque de los Patricios, afirmando que no cree &#8220;<strong><em>que siga<\/em><\/strong>&#8221; perteneciendo al plantel.<\/p>\n\n\n\n<p>&#8220;<strong><em>Es una decisi\u00f3n que tienen que tomar los dirigentes, pero Ricardo <\/em><\/strong>(Centuri\u00f3n)<strong><em> no creo que siga siendo parte del grupo<\/em><\/strong>&#8220;, descerraj\u00f3 el DT, tras la valiosa victoria sobre el l\u00edder River Plate por 2-1.<\/p>\n\n\n\n<p>&#8220;<em><strong>Es un jugador distinto que nos hac\u00eda mucha falta<\/strong><\/em>&#8220;, dijo el exDT de Arsenal, Nueva Chicago y Villa D\u00e1lmine, pero reconoci\u00f3 tambi\u00e9n que tiene &#8220;un grupo integrado por soldados que se tiran de cabeza, comprometidos&#8221;.<\/p>\n\n\n\n<p>&#8220;<strong><em>Hoy el equipo est\u00e1 bien, despu\u00e9s veremos en qu\u00e9 posiciones vamos a incorporar<\/em><\/strong>&#8220;, dijo Rondina en charla con ESPN.<\/p>\n\n\n\n<p>Centuri\u00f3n lleg\u00f3 a Barracas a principios de a\u00f1o, luego de entrenar y no jugar en V\u00e9lez Sarsfield.<\/p>\n\n\n\n<p>En el conjunto `rojiblanco&#8217;, el extremo que tambi\u00e9n pas\u00f3 por Boca Juniors y Racing Club ingres\u00f3 algunos minutos a lo largo de 10 partidos. En seis cotejos estuvo en el parte de lesionados y en los \u00faltimos cuatro ni siquiera form\u00f3 parte de la convocatoria.<\/p>\n","protected":false},"excerpt":{"rendered":"<p>El entrenador de Barracas Central explic\u00f3 que la decisi\u00f3n sobre el futuro del futbolista est\u00e1 en manos de los dirigentes. SERGIO RONDINA&nbsp;admiti\u00f3&nbsp;que Ricardo Centuri\u00f3n, quien&hellip; <\/p>\n","protected":false},"author":2,"featured_media":647,"comment_status":"open","ping_status":"open","sticky":false,"template":"","format":"standard","meta":{"footnotes":""},"categories":[10],"tags":[],"class_list":["post-646","post","type-post","status-publish","format-standard","has-post-thumbnail","hentry","category-deportes"],"_links":{"self":[{"href":"https:\/\/lametro989.com\/index.php?rest_route=\/wp\/v2\/posts\/646","targetHints":{"allow":["GET"]}}],"collection":[{"href":"https:\/\/lametro989.com\/index.php?rest_route=\/wp\/v2\/posts"}],"about":[{"href":"https:\/\/lametro989.com\/index.php?rest_route=\/wp\/v2\/types\/post"}],"author":[{"embeddable":true,"href":"https:\/\/lametro989.com\/index.php?rest_route=\/wp\/v2\/users\/2"}],"replies":[{"embeddable":true,"href":"https:\/\/lametro989.com\/index.php?rest_route=%2Fwp%2Fv2%2Fcomments&post=646"}],"version-history":[{"count":1,"href":"https:\/\/lametro989.com\/index.php?rest_route=\/wp\/v2\/posts\/646\/revisions"}],"predecessor-version":[{"id":648,"href":"https:\/\/lametro989.com\/index.php?rest_route=\/wp\/v2\/posts\/646\/revisions\/648"}],"wp:featuredmedia":[{"embeddable":true,"href":"https:\/\/lametro989.com\/index.php?rest_route=\/wp\/v2\/media\/647"}],"wp:attachment":[{"href":"https:\/\/lametro989.com\/index.php?rest_route=%2Fwp%2Fv2%2Fmedia&parent=646"}],"wp:term":[{"taxonomy":"category","embeddable":true,"href":"https:\/\/lametro989.com\/index.php?rest_route=%2Fwp%2Fv2%2Fcategories&post=646"},{"taxonomy":"post_tag","embeddable":true,"href":"https:\/\/lametro989.com\/index.php?rest_route=%2Fwp%2Fv2%2Ftags&post=646"}],"curies":[{"name":"wp","href":"https:\/\/api.w.org\/{rel}","templated":true}]}}