{"id":656,"date":"2023-07-02T23:29:28","date_gmt":"2023-07-03T02:29:28","guid":{"rendered":"https:\/\/lametro989.com\/?p=656"},"modified":"2023-07-02T23:29:46","modified_gmt":"2023-07-03T02:29:46","slug":"burlando-renuncio-a-su-candidatura-a-gobernador-bonaerense","status":"publish","type":"post","link":"https:\/\/lametro989.com\/?p=656","title":{"rendered":"Burlando renunci\u00f3 a su candidatura a gobernador bonaerense"},"content":{"rendered":"\n<p>El abogado Fernando Burlando anunci\u00f3 su baja de la candidatura para gobernador de la Provincia de Buenos Aires. A trav\u00e9s de un comunicado, el medi\u00e1tico letrado explic\u00f3 su determinante decisi\u00f3n.<\/p>\n\n\n\n<figure class=\"wp-block-image size-full\"><img loading=\"lazy\" decoding=\"async\" width=\"696\" height=\"391\" src=\"https:\/\/lametro989.com\/wp-content\/uploads\/2023\/07\/imagen-16.png\" alt=\"\" class=\"wp-image-657\" srcset=\"https:\/\/lametro989.com\/wp-content\/uploads\/2023\/07\/imagen-16.png 696w, https:\/\/lametro989.com\/wp-content\/uploads\/2023\/07\/imagen-16-300x169.png 300w\" sizes=\"auto, (max-width: 696px) 100vw, 696px\" \/><\/figure>\n\n\n\n<p>&#8220;Comunico que no voy a participar en las pr\u00f3ximas elecciones para la gobernaci\u00f3n de la provincia de Buenos Aires&#8221;, anunci\u00f3 Fernando Burlando en un comunicado publicado en su cuenta de Instagram, en donde agreg\u00f3 una foto suya y otra junto a su hija, Sarah, fruto de su relaci\u00f3n con Barby Franco.<\/p>\n\n\n\n<p>Y continu\u00f3: &#8220;Es una decisi\u00f3n largamente meditada, en la que he evaluado numerosas circunstancias, de diversa \u00edndole, pero todas fuertemente vinculadas al aporte al bien com\u00fan y a objetivos que s\u00f3lo favorezcan los intereses de esta provincia y de esta Patria que amo&#8221;.<\/p>\n\n\n\n<p>&#8220;En ese contexto, el momento pol\u00edtico y social exige un alto grado de responsabilidad y compromiso que de mi parte est\u00e1n al 100%, como ha quedado demostrado en mis acciones y en el fuerte respaldo recibido y expresado en las encuestas y sondeos de opini\u00f3n sobre mi candidatura. Pero a\u00fan as\u00ed, las condiciones de consenso y armon\u00eda necesarias no est\u00e1n dadas. Lo veo diariamente en ese escenario que alguna vez denomin\u00e9 estanque de pira\u00f1as, donde se ataca y se muerde por un cargo y no por la prevalencia de las ideas y los proyectos que aporten soluciones a los reclamos de la gente&#8221;.<\/p>\n\n\n\n<p>Ante esta situaci\u00f3n, Burlando explic\u00f3 que &#8220;Decid\u00ed entonces, como alguna vez dijo un gran patriota, desensillar hasta que aclare. Vamos a prepararnos en estos dos a\u00f1os que vienen, vamos a mejorar, a pulir a hacer lo que haya que hacer para que nuestros proyectos sean verdaderas herramientas de transformaci\u00f3n y alternativa v\u00e1lida a las pol\u00edticas del fracaso. Vamos a pensar en mejorar esos proyectos de leyes necesarias para salir del estancamiento y la desilusi\u00f3n de la gente hacia la pol\u00edtica.<\/p>\n","protected":false},"excerpt":{"rendered":"<p>El abogado Fernando Burlando anunci\u00f3 su baja de la candidatura para gobernador de la Provincia de Buenos Aires. A trav\u00e9s de un comunicado, el medi\u00e1tico&hellip; <\/p>\n","protected":false},"author":2,"featured_media":657,"comment_status":"open","ping_status":"open","sticky":false,"template":"","format":"standard","meta":{"footnotes":""},"categories":[9,5],"tags":[],"class_list":["post-656","post","type-post","status-publish","format-standard","has-post-thumbnail","hentry","category-destacadas","category-politica"],"_links":{"self":[{"href":"https:\/\/lametro989.com\/index.php?rest_route=\/wp\/v2\/posts\/656","targetHints":{"allow":["GET"]}}],"collection":[{"href":"https:\/\/lametro989.com\/index.php?rest_route=\/wp\/v2\/posts"}],"about":[{"href":"https:\/\/lametro989.com\/index.php?rest_route=\/wp\/v2\/types\/post"}],"author":[{"embeddable":true,"href":"https:\/\/lametro989.com\/index.php?rest_route=\/wp\/v2\/users\/2"}],"replies":[{"embeddable":true,"href":"https:\/\/lametro989.com\/index.php?rest_route=%2Fwp%2Fv2%2Fcomments&post=656"}],"version-history":[{"count":1,"href":"https:\/\/lametro989.com\/index.php?rest_route=\/wp\/v2\/posts\/656\/revisions"}],"predecessor-version":[{"id":658,"href":"https:\/\/lametro989.com\/index.php?rest_route=\/wp\/v2\/posts\/656\/revisions\/658"}],"wp:featuredmedia":[{"embeddable":true,"href":"https:\/\/lametro989.com\/index.php?rest_route=\/wp\/v2\/media\/657"}],"wp:attachment":[{"href":"https:\/\/lametro989.com\/index.php?rest_route=%2Fwp%2Fv2%2Fmedia&parent=656"}],"wp:term":[{"taxonomy":"category","embeddable":true,"href":"https:\/\/lametro989.com\/index.php?rest_route=%2Fwp%2Fv2%2Fcategories&post=656"},{"taxonomy":"post_tag","embeddable":true,"href":"https:\/\/lametro989.com\/index.php?rest_route=%2Fwp%2Fv2%2Ftags&post=656"}],"curies":[{"name":"wp","href":"https:\/\/api.w.org\/{rel}","templated":true}]}}