{"id":659,"date":"2023-07-02T23:31:44","date_gmt":"2023-07-03T02:31:44","guid":{"rendered":"https:\/\/lametro989.com\/?p=659"},"modified":"2023-07-02T23:31:44","modified_gmt":"2023-07-03T02:31:44","slug":"juntos-por-el-cambio-termino-con-20-anos-de-peronismo-en-san-juan","status":"publish","type":"post","link":"https:\/\/lametro989.com\/?p=659","title":{"rendered":"Juntos por el Cambio termin\u00f3 con 20 a\u00f1os de peronismo en San Juan"},"content":{"rendered":"\n<p>Tras dos d\u00e9cadas de hegemon\u00eda peronista, en San Juan gan\u00f3 la oposici\u00f3n con Juntos por el Cambio y a la provincia viajaron los principales referentes del espacio.<\/p>\n\n\n\n<figure class=\"wp-block-image size-full\"><img loading=\"lazy\" decoding=\"async\" width=\"696\" height=\"464\" src=\"https:\/\/lametro989.com\/wp-content\/uploads\/2023\/07\/imagen-17.png\" alt=\"\" class=\"wp-image-660\" srcset=\"https:\/\/lametro989.com\/wp-content\/uploads\/2023\/07\/imagen-17.png 696w, https:\/\/lametro989.com\/wp-content\/uploads\/2023\/07\/imagen-17-300x200.png 300w\" sizes=\"auto, (max-width: 696px) 100vw, 696px\" \/><\/figure>\n\n\n\n<p>\u201cUna gran felicitaci\u00f3n a todos los sanjuaninos que se animaron a cambiar y a Marcelo Orrego que es un ejemplo de trabajo, un tipo que labura y recorri\u00f3 la provincia\u201d, se despach\u00f3 el jefe de Gobierno porte\u00f1o y precandidato a Presidente por JxC, Horacio Rodr\u00edguez Larreta. Y sigui\u00f3: \u201cS\u00e9 que \u00e9l se prepar\u00f3 para eso y va a llevar un cambio profundo en San Juan. Vamos a trabajar juntos en el gobierno nacional. San Juan va a ser uno de los motores de la recuperaci\u00f3n de Argentina\u201d.<\/p>\n\n\n\n<p>Y concluy\u00f3 con un mensaje en tono de campa\u00f1a: \u201cEsta es una muestra m\u00e1s de la importancia de sumar y sumar. Trabajando juntos, y sumando, es como le vamos a ganar al kirchnerismo en Argentina\u201d.<\/p>\n\n\n\n<p>&nbsp;\u201cQuiero agradecer a todos los sanjuaninos que confiaron en nosotros\u201d, dijo Marcelo Orreglo, el candidato de Unidos por San Juan que fue electo este domingo como el nuevo gobernador de la provincia.<\/p>\n\n\n\n<p><\/p>\n\n\n\n<p>Acompa\u00f1ado por Horacio Rodr\u00edguez Larreta, Mart\u00edn Lousteau y Jos\u00e9 Luis Spert, Orrego habl\u00f3 luego de que Sergio U\u00f1ac reconociera la derrota. \u201cSabemos que no nos han regalado la confianza, nos la prestaron. Les digo que aquellos que no han estado de nuestra propuesta, sepan que este gobernador va a trabajar absolutamente con todos, sin distinci\u00f3n de ideolog\u00eda pol\u00edtica. He venido a la pol\u00edtica a trabajar, cumplir y hacer\u201d.<\/p>\n\n\n\n<p>Orrego, en el medio de su discurso, pid\u00ed\u00f3: \u201cQuiero felicitar tambi\u00e9n a Rub\u00e9n U\u00f1ac y a Jos\u00e9 Luis Gioja, a quienes respeto. Se merecen un aplauso\u201d.<\/p>\n\n\n\n<p>\u201cHay muchas cosas que se han hecho bien, pero hay muchas cosas que cambiar. Y a m\u00ed no me van a temblar las manos para hacer las cosas que hay que hacer. Los cambios que se vienen son cambios con certezas\u201d, se despach\u00f3 el gobernador electo.<\/p>\n\n\n\n<p>Y, luego, se tom\u00f3 un tiempo para agradecerle a Rodr\u00edguez Larreta, quien viaj\u00f3 para acompa\u00f1arlo y lo secundaba mientras hablaba en el b\u00fanker de Unidos por San Juan: \u201cGracias por estar presente. Me dijiste que, m\u00e1s all\u00e1 del resultado, ibas a estar ac\u00e1. Tambi\u00e9n gracias a Miguel \u00c1ngel Pichetto. Tambi\u00e9n a todos los que se han comunicado conmigo, hay que ser agradecido. Gracias a Ricardo L\u00f3pez Murphy y a Patricia Bullrich\u201d.<\/p>\n","protected":false},"excerpt":{"rendered":"<p>Tras dos d\u00e9cadas de hegemon\u00eda peronista, en San Juan gan\u00f3 la oposici\u00f3n con Juntos por el Cambio y a la provincia viajaron los principales referentes&hellip; <\/p>\n","protected":false},"author":2,"featured_media":660,"comment_status":"open","ping_status":"open","sticky":false,"template":"","format":"standard","meta":{"footnotes":""},"categories":[9,5],"tags":[],"class_list":["post-659","post","type-post","status-publish","format-standard","has-post-thumbnail","hentry","category-destacadas","category-politica"],"_links":{"self":[{"href":"https:\/\/lametro989.com\/index.php?rest_route=\/wp\/v2\/posts\/659","targetHints":{"allow":["GET"]}}],"collection":[{"href":"https:\/\/lametro989.com\/index.php?rest_route=\/wp\/v2\/posts"}],"about":[{"href":"https:\/\/lametro989.com\/index.php?rest_route=\/wp\/v2\/types\/post"}],"author":[{"embeddable":true,"href":"https:\/\/lametro989.com\/index.php?rest_route=\/wp\/v2\/users\/2"}],"replies":[{"embeddable":true,"href":"https:\/\/lametro989.com\/index.php?rest_route=%2Fwp%2Fv2%2Fcomments&post=659"}],"version-history":[{"count":1,"href":"https:\/\/lametro989.com\/index.php?rest_route=\/wp\/v2\/posts\/659\/revisions"}],"predecessor-version":[{"id":661,"href":"https:\/\/lametro989.com\/index.php?rest_route=\/wp\/v2\/posts\/659\/revisions\/661"}],"wp:featuredmedia":[{"embeddable":true,"href":"https:\/\/lametro989.com\/index.php?rest_route=\/wp\/v2\/media\/660"}],"wp:attachment":[{"href":"https:\/\/lametro989.com\/index.php?rest_route=%2Fwp%2Fv2%2Fmedia&parent=659"}],"wp:term":[{"taxonomy":"category","embeddable":true,"href":"https:\/\/lametro989.com\/index.php?rest_route=%2Fwp%2Fv2%2Fcategories&post=659"},{"taxonomy":"post_tag","embeddable":true,"href":"https:\/\/lametro989.com\/index.php?rest_route=%2Fwp%2Fv2%2Ftags&post=659"}],"curies":[{"name":"wp","href":"https:\/\/api.w.org\/{rel}","templated":true}]}}