{"id":662,"date":"2023-07-02T23:38:03","date_gmt":"2023-07-03T02:38:03","guid":{"rendered":"https:\/\/lametro989.com\/?p=662"},"modified":"2023-07-02T23:38:03","modified_gmt":"2023-07-03T02:38:03","slug":"mi-hija-tenia-miedo-pero-por-protegerme-nunca-me-lo-dijo-dijo-la-madre-de-cecilia","status":"publish","type":"post","link":"https:\/\/lametro989.com\/?p=662","title":{"rendered":"&#8220;Mi hija ten\u00eda miedo, pero por protegerme nunca me lo dijo&#8221;, dijo la madre de Cecilia"},"content":{"rendered":"\n<p>La madre de Cecilia Strzyzowski afirm\u00f3 hoy durante una concentraci\u00f3n en el puente que une las provincias de Chaco y Corrientes para recordar a su hija al cumplirse un mes de su desaparici\u00f3n y femicidio que su hija &#8220;ten\u00eda miedo&#8221;, pero que &#8220;nunca se lo dijo&#8221; para protegerla.<\/p>\n\n\n\n<figure class=\"wp-block-image size-full\"><img loading=\"lazy\" decoding=\"async\" width=\"888\" height=\"498\" src=\"https:\/\/lametro989.com\/wp-content\/uploads\/2023\/07\/imagen-18.png\" alt=\"\" class=\"wp-image-663\" srcset=\"https:\/\/lametro989.com\/wp-content\/uploads\/2023\/07\/imagen-18.png 888w, https:\/\/lametro989.com\/wp-content\/uploads\/2023\/07\/imagen-18-300x168.png 300w, https:\/\/lametro989.com\/wp-content\/uploads\/2023\/07\/imagen-18-768x431.png 768w\" sizes=\"auto, (max-width: 888px) 100vw, 888px\" \/><\/figure>\n\n\n\n<p>&#8220;Mi hija ten\u00eda miedo, pero por protegerme a mi no me lo dijo nunca. El 80 por ciento de las mujeres no se lo dicen a su familia por miedo. Absolutamente nadie puede echarle la culpa a una piba por que la golpeen, la violen o la maten&#8221;, asegur\u00f3 Gloria Romero en di\u00e1logo con el canal de noticias Cr\u00f3nica TV durante la marcha que comenz\u00f3 pasadas las 14.30 desde la rotonda de Barranqueras. All\u00ed, Gloria record\u00f3 que, al enterarse de la desaparici\u00f3n de su hija, entendi\u00f3 que hab\u00eda &#8220;muy pocas posibilidades de encontrarla con vida&#8221;.<\/p>\n\n\n\n<p>&#8220;Cuando tuve la reuni\u00f3n con la c\u00fapula de la polic\u00eda, el polic\u00eda me agarra de la mano y me prometi\u00f3 que iba a encontrar el cuerpo de mi hija. Ah\u00ed yo supe que est\u00e1bamos buscando un cuerpo&#8221;, relat\u00f3 la mujer que remarc\u00f3 que Cecilia &#8220;hubiera cumplido 29 a\u00f1os el pr\u00f3ximo 3 de agosto&#8221;. Adem\u00e1s, Romero apunt\u00f3 contra el acusado Emerenciano Sena, sobre quien asegur\u00f3 que &#8220;limpiaba la ciudad tirando en la chancher\u00eda a la gente&#8221;. Asimismo, Gloria pidi\u00f3 que la justicia sea &#8220;para todos, sino no es justicia&#8221;, en relaci\u00f3n a otros casos de mujeres desaparecidas.<\/p>\n\n\n\n<p>&#8220;Ac\u00e1 nos unimos madres que han perdido a sus hijos, esto se tiene que viralizar. Hay 19 desaparecidas en el Chaco. Que se haya resuelto en 16 d\u00edas quiere decir que cuando la justicia quiere hacer las cosas las hace. Es un privilegio, y es porque se hizo visible pero yo voy a hacer visible a cada persona del Chaco&#8221;.<\/p>\n\n\n\n<p>Al respecto, la mujer agreg\u00f3: Comento que estaban conformando una base de datos para que puedan asesorar al resto de las v\u00edctimas que fueron desaparecidas en la provincia del norte argentino. Yo tengo a Burlando que es el n\u00famero uno, pero Burlando no puede estar en todos lados&#8221;. Por \u00faltimo, Romero cerr\u00f3: &#8220;De la gente que me est\u00e1 siguiendo, percibo esperanza. Esperanza de que se va a ser justicia&#8221;.<\/p>\n\n\n\n<p><em>Fuente: T\u00e9lam<\/em><\/p>\n","protected":false},"excerpt":{"rendered":"<p>La madre de Cecilia Strzyzowski afirm\u00f3 hoy durante una concentraci\u00f3n en el puente que une las provincias de Chaco y Corrientes para recordar a su&hellip; <\/p>\n","protected":false},"author":2,"featured_media":663,"comment_status":"open","ping_status":"open","sticky":false,"template":"","format":"standard","meta":{"footnotes":""},"categories":[9,2],"tags":[],"class_list":["post-662","post","type-post","status-publish","format-standard","has-post-thumbnail","hentry","category-destacadas","category-provinciales"],"_links":{"self":[{"href":"https:\/\/lametro989.com\/index.php?rest_route=\/wp\/v2\/posts\/662","targetHints":{"allow":["GET"]}}],"collection":[{"href":"https:\/\/lametro989.com\/index.php?rest_route=\/wp\/v2\/posts"}],"about":[{"href":"https:\/\/lametro989.com\/index.php?rest_route=\/wp\/v2\/types\/post"}],"author":[{"embeddable":true,"href":"https:\/\/lametro989.com\/index.php?rest_route=\/wp\/v2\/users\/2"}],"replies":[{"embeddable":true,"href":"https:\/\/lametro989.com\/index.php?rest_route=%2Fwp%2Fv2%2Fcomments&post=662"}],"version-history":[{"count":1,"href":"https:\/\/lametro989.com\/index.php?rest_route=\/wp\/v2\/posts\/662\/revisions"}],"predecessor-version":[{"id":664,"href":"https:\/\/lametro989.com\/index.php?rest_route=\/wp\/v2\/posts\/662\/revisions\/664"}],"wp:featuredmedia":[{"embeddable":true,"href":"https:\/\/lametro989.com\/index.php?rest_route=\/wp\/v2\/media\/663"}],"wp:attachment":[{"href":"https:\/\/lametro989.com\/index.php?rest_route=%2Fwp%2Fv2%2Fmedia&parent=662"}],"wp:term":[{"taxonomy":"category","embeddable":true,"href":"https:\/\/lametro989.com\/index.php?rest_route=%2Fwp%2Fv2%2Fcategories&post=662"},{"taxonomy":"post_tag","embeddable":true,"href":"https:\/\/lametro989.com\/index.php?rest_route=%2Fwp%2Fv2%2Ftags&post=662"}],"curies":[{"name":"wp","href":"https:\/\/api.w.org\/{rel}","templated":true}]}}