{"id":665,"date":"2023-07-02T23:40:14","date_gmt":"2023-07-03T02:40:14","guid":{"rendered":"https:\/\/lametro989.com\/?p=665"},"modified":"2023-07-02T23:40:14","modified_gmt":"2023-07-03T02:40:14","slug":"chaco-lidera-a-nivel-nacional-el-aumento-del-credito-productivo","status":"publish","type":"post","link":"https:\/\/lametro989.com\/?p=665","title":{"rendered":"Chaco lidera a nivel nacional el aumento del cr\u00e9dito productivo"},"content":{"rendered":"\n<p>La provincia se encuentra en el primer lugar en el pa\u00eds con el 28% de crecimiento interanual, por encima de Tierra del Fuego (19%) y San Juan (12%), que completan el top tres. Los datos surgen de la p\u00e1gina web del Banco Central de la Rep\u00fablica Argentina.<\/p>\n\n\n\n<figure class=\"wp-block-image size-full\"><img loading=\"lazy\" decoding=\"async\" width=\"756\" height=\"781\" src=\"https:\/\/lametro989.com\/wp-content\/uploads\/2023\/07\/imagen-19.png\" alt=\"\" class=\"wp-image-666\" srcset=\"https:\/\/lametro989.com\/wp-content\/uploads\/2023\/07\/imagen-19.png 756w, https:\/\/lametro989.com\/wp-content\/uploads\/2023\/07\/imagen-19-290x300.png 290w\" sizes=\"auto, (max-width: 756px) 100vw, 756px\" \/><\/figure>\n\n\n\n<p>Chaco es la provincia en la que m\u00e1s creci\u00f3 el cr\u00e9dito productivo en el \u00faltimo a\u00f1o, seg\u00fan revela el informe del <strong>Banco Central de la Rep\u00fablica Argentina<\/strong> (BCRA). De acuerdo al organismo nacional, el crecimiento interanual al comparar el primer trimestre del 2022 con igual per\u00edodo del 2023 se sit\u00faa en el <strong>28%<\/strong>. Los datos extra\u00eddos del BCRA y publicados en su p\u00e1gina web, muestran un fuerte crecimiento del cr\u00e9dito productivo en el Chaco, sostenido por el trabajo en conjunto que se viene realizando desde las distintas instituciones de la provincia reguladas por el BCRA, Nuevo Banco del Chaco S.A. y el Fondo de Garant\u00edas del Chaco (FOGACH), mediante una sinergia que permite facilitar el cr\u00e9dito a las pymes en la provincia.<\/p>\n\n\n\n<figure class=\"wp-block-image\"><img decoding=\"async\" src=\"https:\/\/agenciafoco.com.ar\/media\/cache\/quality\/uploads\/noticias\/64a1dcf07c7db986481433.jpg\" alt=\"\"\/><\/figure>\n\n\n\n<p>\u201cQue Chaco lidere este ranking es el producto de <strong>dos factores principales<\/strong>. El primero es la <strong>capacidad de los empresarios por demandar cr\u00e9dito para el crecimiento <\/strong>y la segunda es de <strong>las pol\u00edticas p\u00fablicas implementadas<\/strong>. En el caso particular del Chaco, <strong>un Banco P\u00fablico solvente y con capacidad para prestar al sector privado y el Fondo de Garant\u00edas del Chaco<\/strong> (creado en el 2013)\u201d, destac\u00f3 Adri\u00e1n Atanasoff, gerente general del Fondo de Garant\u00edas de la provincia del&nbsp; Chaco (Fogach).<\/p>\n\n\n\n<p>De hecho, este <strong>Fondo de Garant\u00edas de la provincia de Chaco<\/strong>, fue el segundo en crearse en la Argentina. \u201c<em>Esto muestra la importancia de innovar el sector p\u00fablico, dado que si bien a veces estos procesos llevan su tiempo, cuando se empiezan a obtener los resultados, se evidencian ventajas competitivas respecto a otras regiones del pa\u00eds a la hora de obtener financiamiento<\/em>\u201d, ampli\u00f3 el gerente general.<\/p>\n\n\n\n<p>Por su parte, el <strong>presidente del Nuevo Banco del Chaco SA, Federico Mu\u00f1oz Femen\u00eda<\/strong> asegur\u00f3 que la banca provincial apoya al sector productivo, a partir de los objetivos que fij\u00f3 el gobernador Jorge Capitanich: \u201c<strong>El NBCh SA tiene un rol relevante dentro del sistema de cr\u00e9ditos productivos que se ve reflejado en el informe que elabora el BCRA y que tiene que ver con una pol\u00edtico p\u00fablica establecida en el Plan 2030 que impulsa el gobierno provincial<\/strong>\u201d, manifest\u00f3.<\/p>\n\n\n\n<h3 class=\"wp-block-heading\">La importancia de contar con un fondo de garant\u00edas<\/h3>\n\n\n\n<figure class=\"wp-block-image\"><img decoding=\"async\" src=\"https:\/\/agenciafoco.com.ar\/media\/cache\/quality\/uploads\/noticias\/64a1dcf07d48f461736469.jpeg\" alt=\"\"\/><\/figure>\n\n\n\n<p>El informe del BCRA proporciona una visi\u00f3n detallada de los saldos prestados a cada actividad al final de cada trimestre. \u201cEs natural que las provincias que se enfocan en mejorar el cr\u00e9dito a las pymes, no s\u00f3lo que con instrumentos directos, sino tambi\u00e9n con mejorar los trabas burocr\u00e1ticas, los procesos y las asimetr\u00edas que tiene el sistema financiero argentino, lo mejoren\u201d, agrega Atanasoff.<\/p>\n\n\n\n<p>As\u00ed, comenta que una herramienta fundamental para mejorar el indicador de cr\u00e9dito para cualquier provincia \u201c<strong>es tener un fondo de garant\u00edas<\/strong>\u201d. \u201cEs por ello, que las provincias que lideran el ranking mencionado, en su gran mayor\u00eda cuentan con un fondo de garant\u00eda o est\u00e1n en proceso de implementaci\u00f3n de su fondo de garant\u00eda <em>(NdR: nueve de las 10 provincias que encabezan el ranking cuentan con un fondo de garant\u00eda o se encuentran en procesos de implementaci\u00f3n del mismo)\u201d, <\/em>ponder\u00f3.<\/p>\n\n\n\n<p>Finalmente, Atanasoff destac\u00f3 que mejorar los indicadores de cr\u00e9dito PyMe \u201cno es f\u00e1cil en Argentina, por una multiplicidad de factores\u201d, \u201cM\u00e1s, en provincias que se encuentran alejadas de los grandes centros productivos, dado que el centralismo financiero nacional, limita en demas\u00eda que el cr\u00e9dito se desarrolle de manera sim\u00e9trica en todas las provincias del pa\u00eds<strong>, por lo que considero que es un gran logro del trabajo conjunto del sector p\u00fablico y privado de la provincia liderar este ranking<\/strong>\u201d, concluy\u00f3.<\/p>\n\n\n\n<h3 class=\"wp-block-heading\">C\u00f3mo funciona Fogach<\/h3>\n\n\n\n<p>Desde las redes oficiales del Fogach, se brinda la informaci\u00f3n necesaria sobre su funcionamiento. \u201cAtenci\u00f3n PYMEs de la provincia. Si est\u00e1s buscando capital de trabajo o financiamiento para inversiones y bienes de uso, tenemos excelentes noticias para vos. Mediante el Fondo de Garant\u00eda y Cr\u00e9dito para PYMEs (FoGaCh), puedes obtener financiamiento de manera sencilla y con condiciones mejoradas en plazos, montos y tasas\u201d, se asegura.<\/p>\n\n\n\n<p>A su vez, se destaca que los asesores comerciales est\u00e1n listos \u201cpara ayudarte a aprovechar esta oportunidad\u201d. \u201cNo pierdas m\u00e1s tiempo, visit\u00e1 nuestro sitio web <strong><em>www.fogach.com.ar<\/em><\/strong> y descubre c\u00f3mo FoGaCh puede impulsar el crecimiento de tu negocio\u201d, se agrega.<\/p>\n\n\n\n<h3 class=\"wp-block-heading\">C\u00f3mo calificar con Fogach<\/h3>\n\n\n\n<p>Los interesados pueden contactarse con los asesores quienes le brindar\u00e1n una pre-calificaci\u00f3n en menos de 24 horas: <strong>3625-211078; 3624-529822 y 3624-554015.<\/strong><\/p>\n\n\n\n<p>Hay que tener en cuenta que para precalificar, <strong>se necesita tener al menos un a\u00f1o de antig\u00fcedad en el rubro<\/strong>; mientras que se inform\u00f3 que en el plazo m\u00e1ximo de una semana se realiza la calificaci\u00f3n. \u201cSe instrumenta la garant\u00eda y luego tu PyMe ya est\u00e1 en condiciones de acceder a las distintas alternativas de financiamiento posibles\u201d, concluye la informaci\u00f3n.<\/p>\n","protected":false},"excerpt":{"rendered":"<p>La provincia se encuentra en el primer lugar en el pa\u00eds con el 28% de crecimiento interanual, por encima de Tierra del Fuego (19%) y&hellip; <\/p>\n","protected":false},"author":2,"featured_media":666,"comment_status":"open","ping_status":"open","sticky":false,"template":"","format":"standard","meta":{"footnotes":""},"categories":[9,2],"tags":[],"class_list":["post-665","post","type-post","status-publish","format-standard","has-post-thumbnail","hentry","category-destacadas","category-provinciales"],"_links":{"self":[{"href":"https:\/\/lametro989.com\/index.php?rest_route=\/wp\/v2\/posts\/665","targetHints":{"allow":["GET"]}}],"collection":[{"href":"https:\/\/lametro989.com\/index.php?rest_route=\/wp\/v2\/posts"}],"about":[{"href":"https:\/\/lametro989.com\/index.php?rest_route=\/wp\/v2\/types\/post"}],"author":[{"embeddable":true,"href":"https:\/\/lametro989.com\/index.php?rest_route=\/wp\/v2\/users\/2"}],"replies":[{"embeddable":true,"href":"https:\/\/lametro989.com\/index.php?rest_route=%2Fwp%2Fv2%2Fcomments&post=665"}],"version-history":[{"count":1,"href":"https:\/\/lametro989.com\/index.php?rest_route=\/wp\/v2\/posts\/665\/revisions"}],"predecessor-version":[{"id":667,"href":"https:\/\/lametro989.com\/index.php?rest_route=\/wp\/v2\/posts\/665\/revisions\/667"}],"wp:featuredmedia":[{"embeddable":true,"href":"https:\/\/lametro989.com\/index.php?rest_route=\/wp\/v2\/media\/666"}],"wp:attachment":[{"href":"https:\/\/lametro989.com\/index.php?rest_route=%2Fwp%2Fv2%2Fmedia&parent=665"}],"wp:term":[{"taxonomy":"category","embeddable":true,"href":"https:\/\/lametro989.com\/index.php?rest_route=%2Fwp%2Fv2%2Fcategories&post=665"},{"taxonomy":"post_tag","embeddable":true,"href":"https:\/\/lametro989.com\/index.php?rest_route=%2Fwp%2Fv2%2Ftags&post=665"}],"curies":[{"name":"wp","href":"https:\/\/api.w.org\/{rel}","templated":true}]}}