{"id":668,"date":"2023-07-02T23:43:25","date_gmt":"2023-07-03T02:43:25","guid":{"rendered":"https:\/\/lametro989.com\/?p=668"},"modified":"2023-07-02T23:43:25","modified_gmt":"2023-07-03T02:43:25","slug":"conmocion-en-cordoba-por-el-hallazgo-de-un-adolescente-muerto-en-una-casa-abandonada","status":"publish","type":"post","link":"https:\/\/lametro989.com\/?p=668","title":{"rendered":"Conmoci\u00f3n en C\u00f3rdoba por el hallazgo de un adolescente muerto en una casa abandonada"},"content":{"rendered":"\n<p>El joven estaba desaparecido desde el jueves pasado. Sospechan de un menor de edad. <\/p>\n\n\n\n<figure class=\"wp-block-image size-large\"><img loading=\"lazy\" decoding=\"async\" width=\"1024\" height=\"553\" src=\"https:\/\/lametro989.com\/wp-content\/uploads\/2023\/07\/imagen-20-1024x553.png\" alt=\"\" class=\"wp-image-669\" srcset=\"https:\/\/lametro989.com\/wp-content\/uploads\/2023\/07\/imagen-20-1024x553.png 1024w, https:\/\/lametro989.com\/wp-content\/uploads\/2023\/07\/imagen-20-300x162.png 300w, https:\/\/lametro989.com\/wp-content\/uploads\/2023\/07\/imagen-20-768x415.png 768w, https:\/\/lametro989.com\/wp-content\/uploads\/2023\/07\/imagen-20.png 1127w\" sizes=\"auto, (max-width: 1024px) 100vw, 1024px\" \/><\/figure>\n\n\n\n<p>Luego de una intensa b\u00fasqueda, finalmente <strong>hallaron sin vida al adolescente de 14 a\u00f1os que estaba desaparecido&nbsp;<\/strong>desde el jueves en <a href=\"https:\/\/www.canal26.com\/tag\/cordoba--1485\" target=\"_blank\" rel=\"noreferrer noopener\">C\u00f3rdoba<\/a>. El cuerpo del joven fue encontrado este domingo <strong>en una casa abandonada<\/strong> en la localidad de Laboulaye y hay sospechas sobre que <strong>el asesino es un menor de edad.<\/strong><\/p>\n\n\n\n<p><strong>Joaqu\u00edn Sperani<\/strong>&nbsp;fue encontrado en una vivienda ubicada en la calle Sarmiento 480, a 100 metros de la escuela a la que asist\u00eda. La principal hip\u00f3tesis que barajan las autoridades hasta el momento es que se tratar\u00eda de un homicidio en el cual su autor ser\u00eda un menor de edad.<\/p>\n\n\n\n<h2 class=\"wp-block-heading\">La cronolog\u00eda del caso<\/h2>\n\n\n\n<p>Todo comenz\u00f3 el jueves 29, cuando el chico no concurri\u00f3 a el colegio <strong>IPEM N\u00ba 278 \u201cMalvinas Argentinas\u201d, <\/strong>donde cursaba el secundario, lo que encendi\u00f3 la alarma entre sus familiares y allegados.<\/p>\n\n\n\n<p><img decoding=\"async\" src=\"https:\/\/www.canal26.com\/media\/image\/2023\/07\/02\/550029.jpg\" alt=\"IPEM N\u00ba 278 \u201cMalvinas Argentinas\u201d. Foto: Facebook.\"> IPEM N\u00ba 278 \u201cMalvinas Argentinas\u201d. Foto: Facebook.<\/p>\n\n\n\n<p>La preceptora de la instituci\u00f3n confirm\u00f3 que<strong> ese d\u00eda no estaba en el aula cuando tom\u00f3 lista,<\/strong> a pesar de que su bicicleta fue encontrada en el patio de la escuela. La \u00faltima vez que lo vieron fue a las 15 de ese mismo d\u00eda, vistiendo el uniforme del colegio.<\/p>\n\n\n\n<p>Al ser consultados para esclarecer el caso, sus compa\u00f1eros <strong>no pudieron dar respuestas concretas<\/strong> sobre si lo hab\u00edan visto en el establecimiento.&nbsp;Frente a la falta de informaci\u00f3n, la madre del adolescente, Mariela Flores, realiz\u00f3 una denuncia por su desaparici\u00f3n el jueves por la noche.<\/p>\n\n\n\n<p><img decoding=\"async\" src=\"https:\/\/www.canal26.com\/media\/image\/2023\/07\/02\/550028.jpg\" alt=\"Marcha por Joaqu\u00edn Sperani. Foto: Facebook.\"> Marcha por Joaqu\u00edn Sperani. Foto: Facebook.<\/p>\n\n\n\n<p>Familiares, amigos y vecinos del joven<strong> llevaron a cabo una marcha<\/strong> el s\u00e1bado hacia la Jefatura de la Unidad Regional Departamental. El director de la Polic\u00eda local, <strong>Enrique Carrera<\/strong>s, dialog\u00f3 con los presentes para esclarecer lo que se sab\u00eda hasta el momento.<\/p>\n\n\n\n<p>Horas m\u00e1s tarde, el cuerpo de Joaqu\u00edn <strong>fue encontrado sin signos vitales en una casa abandonada<\/strong>. Personal de bomberos, un servicio de emergencia, polic\u00edas y la fiscal de turno estuvieron presentes este domingo para retirar el cad\u00e1ver y comenzar con la investigaci\u00f3n.<\/p>\n\n\n\n<h2 class=\"wp-block-heading\">&#8220;Un psic\u00f3pata basura&#8221;<\/h2>\n\n\n\n<p>La mam\u00e1 de Joaqu\u00edn culp\u00f3 al compa\u00f1ero de escuela de su hijo que est\u00e1 detenido por el crimen, asegurando que &#8220;<strong>todo indica que fue \u00e9l quien lo mat\u00f3, es un psic\u00f3pata basura<\/strong>&#8220;.<\/p>\n\n\n\n<p>&#8220;<strong>Hay muchas pruebas que lo incriminan<\/strong>. Era un amigo de toda la vida, no s\u00e9 qu\u00e9 se le cruz\u00f3 por la cabeza. En este momento no tengo las fuerzas para hablar, pero en unos d\u00edas voy a decir un mont\u00f3n de cosas&#8221;, sentenci\u00f3 en di\u00e1logo con TN.<\/p>\n","protected":false},"excerpt":{"rendered":"<p>El joven estaba desaparecido desde el jueves pasado. Sospechan de un menor de edad. Luego de una intensa b\u00fasqueda, finalmente hallaron sin vida al adolescente&hellip; <\/p>\n","protected":false},"author":2,"featured_media":669,"comment_status":"open","ping_status":"open","sticky":false,"template":"","format":"standard","meta":{"footnotes":""},"categories":[9,13],"tags":[],"class_list":["post-668","post","type-post","status-publish","format-standard","has-post-thumbnail","hentry","category-destacadas","category-nacionales"],"_links":{"self":[{"href":"https:\/\/lametro989.com\/index.php?rest_route=\/wp\/v2\/posts\/668","targetHints":{"allow":["GET"]}}],"collection":[{"href":"https:\/\/lametro989.com\/index.php?rest_route=\/wp\/v2\/posts"}],"about":[{"href":"https:\/\/lametro989.com\/index.php?rest_route=\/wp\/v2\/types\/post"}],"author":[{"embeddable":true,"href":"https:\/\/lametro989.com\/index.php?rest_route=\/wp\/v2\/users\/2"}],"replies":[{"embeddable":true,"href":"https:\/\/lametro989.com\/index.php?rest_route=%2Fwp%2Fv2%2Fcomments&post=668"}],"version-history":[{"count":1,"href":"https:\/\/lametro989.com\/index.php?rest_route=\/wp\/v2\/posts\/668\/revisions"}],"predecessor-version":[{"id":670,"href":"https:\/\/lametro989.com\/index.php?rest_route=\/wp\/v2\/posts\/668\/revisions\/670"}],"wp:featuredmedia":[{"embeddable":true,"href":"https:\/\/lametro989.com\/index.php?rest_route=\/wp\/v2\/media\/669"}],"wp:attachment":[{"href":"https:\/\/lametro989.com\/index.php?rest_route=%2Fwp%2Fv2%2Fmedia&parent=668"}],"wp:term":[{"taxonomy":"category","embeddable":true,"href":"https:\/\/lametro989.com\/index.php?rest_route=%2Fwp%2Fv2%2Fcategories&post=668"},{"taxonomy":"post_tag","embeddable":true,"href":"https:\/\/lametro989.com\/index.php?rest_route=%2Fwp%2Fv2%2Ftags&post=668"}],"curies":[{"name":"wp","href":"https:\/\/api.w.org\/{rel}","templated":true}]}}