{"id":671,"date":"2023-07-02T23:53:53","date_gmt":"2023-07-03T02:53:53","guid":{"rendered":"https:\/\/lametro989.com\/?p=671"},"modified":"2023-07-02T23:53:53","modified_gmt":"2023-07-03T02:53:53","slug":"caso-cecilia-denuncian-que-hay-19-desaparecidos-mas-en-chacogloria-nos-llamo-porque-recibio-muchas-causas","status":"publish","type":"post","link":"https:\/\/lametro989.com\/?p=671","title":{"rendered":"Caso Cecilia: denuncian qu\u00e9 hay 19 desaparecidos m\u00e1s en Chaco,&#8221;Gloria nos llam\u00f3 porque recibi\u00f3 muchas causas&#8221;"},"content":{"rendered":"\n<p>El reconocido abogado penalista, Roberto Herrera, est\u00e1 en la provincia del Chaco acompa\u00f1ando a Gloria Romero, madre de Cecilia, por la desaparici\u00f3n y femicidio de su hija. En di\u00e1logo exclusivo con Norte Grande Federal expres\u00f3 una cifra alarmante para la provincia: &#8220;Hay 19 desaparecidos. Gloria nos llam\u00f3 para que la ayudemos porque recibe miles de causas que no tienen respuestas desde la justicia&#8221;.<\/p>\n\n\n\n<figure class=\"wp-block-image size-full\"><img loading=\"lazy\" decoding=\"async\" width=\"600\" height=\"681\" src=\"https:\/\/lametro989.com\/wp-content\/uploads\/2023\/07\/imagen-21.png\" alt=\"\" class=\"wp-image-672\" srcset=\"https:\/\/lametro989.com\/wp-content\/uploads\/2023\/07\/imagen-21.png 600w, https:\/\/lametro989.com\/wp-content\/uploads\/2023\/07\/imagen-21-264x300.png 264w\" sizes=\"auto, (max-width: 600px) 100vw, 600px\" \/><\/figure>\n\n\n\n<h2 class=\"wp-block-heading\">Un mes sin Cecilia: el caso que cambiar\u00e1 la historia de la provincia<\/h2>\n\n\n\n<p>Este domingo 2 de julio se cumple un mes de la \u00faltima vez que fue vista, registrada a trav\u00e9s de una c\u00e1mara de seguridad de la zona, ingresando al domicilio de la familia Sena en Santa Mar\u00eda de Oro al 1460.<\/p>\n\n\n\n<p>La magnitud del caso Cecilia golpea y estruje la realidad de la poblaci\u00f3n chaque\u00f1a. Lamentablemente, su ausencia es una herida que no cicatrizar\u00e1. Sin embargo, Cecilia no es un caso ajeno o aislado en la provincia del Chaco. Su desaparici\u00f3n se suma a una gran lista de personas que se han ausentado en los \u00faltimos dos a\u00f1os.<\/p>\n\n\n\n<figure class=\"wp-block-image\"><img decoding=\"async\" src=\"https:\/\/www.diario22.ar\/notix2\/multimedia\/imagenes\/fotos\/2023-07-02\/102565.jpg\" alt=\"\"\/><\/figure>\n\n\n\n<p><strong>Gloria Romero, madre de Cecilia<\/strong>, se convirti\u00f3 en un s\u00edmbolo de lucha. Su im\u00e1gen y voz es un faro de luz para muchos aquellos que sufrieron la desaparici\u00f3n de alg\u00fan familiar, conocido o un miembro de la comunidad.&nbsp;<\/p>\n\n\n\n<p>El femicidio de Cecilia Strzyzowski marcar\u00e1 un antes y un despu\u00e9s en la historia social, pol\u00edtica, policial y judicial tanto en Chaco como en toda la Rep\u00fablica Argentina. El caso trajo como consecuencia una repercusi\u00f3n sin precedentes en d\u00f3nde diversos testimonios relatan la desaparici\u00f3n de casi 20 personas en los \u00faltimos dos a\u00f1os.<\/p>\n\n\n\n<h2 class=\"wp-block-heading\">Roberto Herrera, reconocido abogado penalista, asegura que en Chaco hay 19 desaparecidos en democracia en dos a\u00f1os<\/h2>\n\n\n\n<p>En relaci\u00f3n a esta situaci\u00f3n y acompa\u00f1ando de forma exclusiva a la madre de Cecilia, se encuentra el reconocido abogado penalista, <strong>Roberto Herrera<\/strong>, quien hoy particip\u00f3 de la marcha interprovincial bajo el lema de \u201cLazo Rosa\u201d.<\/p>\n\n\n\n<figure class=\"wp-block-image\"><img decoding=\"async\" src=\"https:\/\/www.diario22.ar\/notix2\/multimedia\/imagenes\/fotos\/2023-07-02\/789143.jpeg\" alt=\"\"\/><\/figure>\n\n\n\n<p><strong>Sobre Cecilia y la desaparici\u00f3n de personas en Chaco, con Norte Grande Federal habl\u00f3 Roberto Herrera<\/strong> quien expres\u00f3: <strong>\u201cNuestro estudio fue convocado por Gloria, madre de Cecilia, para que la podamos ayudar desde Buenos Aires&#8221;.&nbsp;<\/strong><\/p>\n\n\n\n<blockquote class=\"wp-block-quote is-layout-flow wp-block-quote-is-layout-flow\">\n<h2 class=\"wp-block-heading\"><strong>\u201cGloria nos llam\u00f3 porque se interioriz\u00f3 de lo que podemos hacer y c\u00f3mo colaborar. Me pidi\u00f3 ayuda porque a ra\u00edz de este caso que se hizo visible, a ella le llegaron infinidad testimonios sobre personas que poseen causas que no se resuelven. En estas mismas, hay una lista de 19 desaparecidos en el devenir de estos dos \u00faltimos a\u00f1os y en donde la Justicia no da ning\u00fan tipo de respuesta\u201d<\/strong>, expres\u00f3 Roberto Herrera.<\/h2>\n<\/blockquote>\n\n\n\n<figure class=\"wp-block-image\"><img decoding=\"async\" src=\"https:\/\/www.diario22.ar\/notix2\/multimedia\/imagenes\/fotos\/2023-07-02\/664226.jpeg\" alt=\"\"\/><\/figure>\n\n\n\n<p>Consultado sobre si el caso de Cecilia fue el desenlace para tomar relevancias diferentes causas, <strong>Herrera<\/strong> respondi\u00f3:<strong> \u201cEste es un caso muy aberrante y tiene injerencia con una connotaci\u00f3n pol\u00edtica. Se hace visible a nivel nacional por lo que se empieza a destapar un mont\u00f3n de cosas que suceden\u201d<\/strong><\/p>\n\n\n\n<blockquote class=\"wp-block-quote is-layout-flow wp-block-quote-is-layout-flow\">\n<h2 class=\"wp-block-heading\"><strong>\u201cSi hay 19 desapariciones en democracia es hecho extremadamente grave\u201d<\/strong>, expres\u00f3 Herrera.<\/h2>\n<\/blockquote>\n\n\n\n<p>Sobre el femicidio de Cecilia, el abogado coment\u00f3:<strong> \u201cPuedo hablar de lo que fui charlando con Gloria, no estoy interiorizado en lo que es la causa en s\u00ed ni de los pormenores de la misma, pero s\u00ed s\u00e9 que se avanz\u00f3 muy r\u00e1pido. Hay dos personas que se quebraron, entonces espero que ahora el cuerpo m\u00e9dico forense, que son los que van a determinar si el ADN de los huesos encontrados corresponden a Cecilia, lleguen r\u00e1pidamente a la verdad&#8221;.&nbsp;<\/strong><\/p>\n\n\n\n<p>As\u00ed tambi\u00e9n, expres\u00f3: <strong>\u201cNo creo que se llegue a saber qui\u00e9n realmente fue el que la mat\u00f3. Si es que fueron los tres, si fueron dos o si fue uno, eso va a ser muy dif\u00edcil de determinar. La causa tiene como datos lo que transmitieron las antenas y por la im\u00e1gen en la c\u00e1mara del vecino, en d\u00f3nde se ve que ingresa a su casa y despu\u00e9s la ven salir nunca m\u00e1s. Ah\u00ed estaban las tres personas que hoy est\u00e1n indicadas como los autores\u201d.&nbsp;<\/strong><\/p>\n\n\n\n<figure class=\"wp-block-image\"><img decoding=\"async\" src=\"https:\/\/www.diario22.ar\/notix2\/multimedia\/imagenes\/fotos\/2023-07-02\/890251.jpg\" alt=\"\"\/><\/figure>\n\n\n\n<p>El caso conmociona a todo el pa\u00eds y el pedido de justicia retumba en cada marcha, en relaci\u00f3n a esto,<strong> Herrera<\/strong> indic\u00f3: <strong>\u201cCreo que ahora s\u00ed se va a poder hacer justicia, entiendo que la pol\u00edtica no va a poder meterse y esto se hizo muy visible a nivel nacional. Si antes se met\u00eda, creo que ahora no lo va a poder hacer. No va haber un final \u201cbueno\u201d porque ya el hecho es desgraciado pero si se va a poder saber la verdad&#8221;.<\/strong><\/p>\n\n\n\n<blockquote class=\"wp-block-quote is-layout-flow wp-block-quote-is-layout-flow\">\n<h2 class=\"wp-block-heading\"><strong>\u201cLa verdad servir\u00e1 para que Gloria pueda tener paz y que los asesinos de su hija cumplan una condena\u201d<\/strong>, dijo Herrera.<\/h2>\n<\/blockquote>\n\n\n\n<p>El caso de <strong>Cecilia desnud\u00f3<\/strong> y expuso una realidad temible. Roberto Herrera se refiri\u00f3 a la justicia y la falta de respuesta: <strong>\u201cLa marcha es justamente por la falta de reacci\u00f3n de la justicia. Si no fuera as\u00ed, esto no pasar\u00eda. Gloria no estar\u00eda pidiendo lo que pide ni tampoco tendr\u00eda tanta convocatoria\u201d.<\/strong><\/p>\n\n\n\n<blockquote class=\"wp-block-quote is-layout-flow wp-block-quote-is-layout-flow\">\n<h2 class=\"wp-block-heading\"><strong>\u201cAhora nos enteramos que hay por lo menos 19 desaparecidos y que en el pueblo de los que est\u00e1n sindicados como los autores del homicidio, hay violaciones en manada y que la gente tiene mucho miedo de denunciar. Es terrible lo que pasa, estamos viviendo como si fuese 200 a\u00f1os atr\u00e1s, se retrocedi\u00f3 bastante\u201d<\/strong>, denunci\u00f3 Herrera.<\/h2>\n<\/blockquote>\n\n\n\n<p>As\u00ed tambi\u00e9n, agreg\u00f3: <strong>\u201cNos vamos a ir entrevistando con cada una de las personas que tengan este problema, vamos a ir meti\u00e9ndonos en las causas e introducirnos en lo juzgado para ver en qu\u00e9 situaci\u00f3n est\u00e1 cada una de esas causas. Si es que han desaparecido hace dos a\u00f1os, hay que ver qu\u00e9 es lo que se hizo, c\u00f3mo se fue investigando.\u201d<\/strong><\/p>\n\n\n\n<figure class=\"wp-block-image\"><img decoding=\"async\" src=\"https:\/\/www.diario22.ar\/notix2\/multimedia\/imagenes\/fotos\/2023-07-02\/249800.jpg\" alt=\"\"\/><\/figure>\n\n\n\n<blockquote class=\"wp-block-quote is-layout-flow wp-block-quote-is-layout-flow\">\n<h2 class=\"wp-block-heading\"><strong>\u201cYo tambi\u00e9n soy padre y esto es un hecho totalmente desgraciado. Imaginate que te falte una persona, te la arranquen y desaparezca, es terrible para cualquiera. Estamos viviendo como si fu\u00e9semos a los 70, otra vez como en la \u00e9poca de los militares. Hay desaparici\u00f3n democr\u00e1tica, me parece que es mucho peor de lo que por lo menos parece hasta el momento\u201d<\/strong>, sentenci\u00f3 Herrera.<\/h2>\n<\/blockquote>\n\n\n\n<p>Diario22.ar<\/p>\n","protected":false},"excerpt":{"rendered":"<p>El reconocido abogado penalista, Roberto Herrera, est\u00e1 en la provincia del Chaco acompa\u00f1ando a Gloria Romero, madre de Cecilia, por la desaparici\u00f3n y femicidio de&hellip; <\/p>\n","protected":false},"author":2,"featured_media":672,"comment_status":"open","ping_status":"open","sticky":false,"template":"","format":"standard","meta":{"footnotes":""},"categories":[5],"tags":[],"class_list":["post-671","post","type-post","status-publish","format-standard","has-post-thumbnail","hentry","category-politica"],"_links":{"self":[{"href":"https:\/\/lametro989.com\/index.php?rest_route=\/wp\/v2\/posts\/671","targetHints":{"allow":["GET"]}}],"collection":[{"href":"https:\/\/lametro989.com\/index.php?rest_route=\/wp\/v2\/posts"}],"about":[{"href":"https:\/\/lametro989.com\/index.php?rest_route=\/wp\/v2\/types\/post"}],"author":[{"embeddable":true,"href":"https:\/\/lametro989.com\/index.php?rest_route=\/wp\/v2\/users\/2"}],"replies":[{"embeddable":true,"href":"https:\/\/lametro989.com\/index.php?rest_route=%2Fwp%2Fv2%2Fcomments&post=671"}],"version-history":[{"count":1,"href":"https:\/\/lametro989.com\/index.php?rest_route=\/wp\/v2\/posts\/671\/revisions"}],"predecessor-version":[{"id":673,"href":"https:\/\/lametro989.com\/index.php?rest_route=\/wp\/v2\/posts\/671\/revisions\/673"}],"wp:featuredmedia":[{"embeddable":true,"href":"https:\/\/lametro989.com\/index.php?rest_route=\/wp\/v2\/media\/672"}],"wp:attachment":[{"href":"https:\/\/lametro989.com\/index.php?rest_route=%2Fwp%2Fv2%2Fmedia&parent=671"}],"wp:term":[{"taxonomy":"category","embeddable":true,"href":"https:\/\/lametro989.com\/index.php?rest_route=%2Fwp%2Fv2%2Fcategories&post=671"},{"taxonomy":"post_tag","embeddable":true,"href":"https:\/\/lametro989.com\/index.php?rest_route=%2Fwp%2Fv2%2Ftags&post=671"}],"curies":[{"name":"wp","href":"https:\/\/api.w.org\/{rel}","templated":true}]}}