{"id":675,"date":"2023-07-03T22:17:32","date_gmt":"2023-07-04T01:17:32","guid":{"rendered":"https:\/\/lametro989.com\/?p=675"},"modified":"2023-07-03T22:17:32","modified_gmt":"2023-07-04T01:17:32","slug":"convocan-a-junta-medica-para-analizar-el-estado-de-salud-de-emerenciano-sena","status":"publish","type":"post","link":"https:\/\/lametro989.com\/?p=675","title":{"rendered":"Convocan a junta m\u00e9dica para analizar el estado de salud de Emerenciano Sena"},"content":{"rendered":"\n<p>La Junta M\u00e9dica fue convocada por el Equipo Fiscal Especial (EFE) especialmente conformado para la investigaci\u00f3n del caso, que deber\u00e1 resolver si hace lugar o no al pedido de la defensa del imputado.<\/p>\n\n\n\n<figure class=\"wp-block-image size-large\"><img loading=\"lazy\" decoding=\"async\" width=\"1024\" height=\"561\" src=\"https:\/\/lametro989.com\/wp-content\/uploads\/2023\/07\/imagen-22-1024x561.png\" alt=\"\" class=\"wp-image-676\" srcset=\"https:\/\/lametro989.com\/wp-content\/uploads\/2023\/07\/imagen-22-1024x561.png 1024w, https:\/\/lametro989.com\/wp-content\/uploads\/2023\/07\/imagen-22-300x164.png 300w, https:\/\/lametro989.com\/wp-content\/uploads\/2023\/07\/imagen-22-768x420.png 768w, https:\/\/lametro989.com\/wp-content\/uploads\/2023\/07\/imagen-22.png 1200w\" sizes=\"auto, (max-width: 1024px) 100vw, 1024px\" \/><\/figure>\n\n\n\n<p>Una junta m\u00e9dica analizar\u00e1 el pr\u00f3ximo viernes en Resistencia el estado de salud de Emerenciano Sena, padre del principal imputado por el femicidio de Cecilia Strzyzowski y uno de los siete detenidos por el caso, luego de que su defensa solicit\u00f3 un arresto domiciliario, informaron este lunes fuentes judiciales.<\/p>\n\n\n\n<p><strong>La Junta M\u00e9dica fue convocada por el Equipo Fiscal Especial (EFE) especialmente conformado para la investigaci\u00f3n del caso, que deber\u00e1 resolver si hace lugar o no al pedido de la defensa del imputado para que se le morigere la prisi\u00f3n preventiva, y contar\u00e1 con la participaci\u00f3n de peritos de parte de la querella, que representan los abogados Fernando Burlando y Sergio Gustavo Briend.<\/strong><\/p>\n\n\n\n<p>El jueves pasado, los fiscales Jorge C\u00e1ceres Olivera, Jorge G\u00f3mez y Nelia Velasquez hab\u00edan dictado la prisi\u00f3n preventiva de Emerenciano y de su esposa Marcela Acu\u00f1a como coautores del &#8220;homicidio agravado&#8221; de Cecilia.<\/p>\n\n\n\n<p><strong>Los abogados Juan Carlos Saife y Jorge Sebasti\u00e1n Vallejos, que representan al matrimonio Sena, presentaron el fin de semana un escrito de oposici\u00f3n a las prisiones preventivas ante el juez de Garant\u00edas n\u00famero 2 de Resistencia, H\u00e9ctor Sandoval.<\/strong><\/p>\n\n\n\n<p>El magistrado, ahora, deber\u00e1 poner fecha para que se realice una audiencia oral en la que la defensa de los imputados pueda ofrecer sus argumentos con los que intentar\u00e1 revocar esas prisiones preventivas.<\/p>\n\n\n\n<p><strong>Mientras tanto, la abogados defensistas insistieron con el arresto domiciliario de Emerenciano al considerar que en el lugar donde permanece alojado no est\u00e1n dadas las condiciones para ser atendido por sus problemas de salud.<\/strong><\/p>\n\n\n\n<p><em>Fuente: T\u00e9lam<\/em><\/p>\n","protected":false},"excerpt":{"rendered":"<p>La Junta M\u00e9dica fue convocada por el Equipo Fiscal Especial (EFE) especialmente conformado para la investigaci\u00f3n del caso, que deber\u00e1 resolver si hace lugar o&hellip; <\/p>\n","protected":false},"author":2,"featured_media":676,"comment_status":"open","ping_status":"open","sticky":false,"template":"","format":"standard","meta":{"footnotes":""},"categories":[9,2],"tags":[],"class_list":["post-675","post","type-post","status-publish","format-standard","has-post-thumbnail","hentry","category-destacadas","category-provinciales"],"_links":{"self":[{"href":"https:\/\/lametro989.com\/index.php?rest_route=\/wp\/v2\/posts\/675","targetHints":{"allow":["GET"]}}],"collection":[{"href":"https:\/\/lametro989.com\/index.php?rest_route=\/wp\/v2\/posts"}],"about":[{"href":"https:\/\/lametro989.com\/index.php?rest_route=\/wp\/v2\/types\/post"}],"author":[{"embeddable":true,"href":"https:\/\/lametro989.com\/index.php?rest_route=\/wp\/v2\/users\/2"}],"replies":[{"embeddable":true,"href":"https:\/\/lametro989.com\/index.php?rest_route=%2Fwp%2Fv2%2Fcomments&post=675"}],"version-history":[{"count":1,"href":"https:\/\/lametro989.com\/index.php?rest_route=\/wp\/v2\/posts\/675\/revisions"}],"predecessor-version":[{"id":677,"href":"https:\/\/lametro989.com\/index.php?rest_route=\/wp\/v2\/posts\/675\/revisions\/677"}],"wp:featuredmedia":[{"embeddable":true,"href":"https:\/\/lametro989.com\/index.php?rest_route=\/wp\/v2\/media\/676"}],"wp:attachment":[{"href":"https:\/\/lametro989.com\/index.php?rest_route=%2Fwp%2Fv2%2Fmedia&parent=675"}],"wp:term":[{"taxonomy":"category","embeddable":true,"href":"https:\/\/lametro989.com\/index.php?rest_route=%2Fwp%2Fv2%2Fcategories&post=675"},{"taxonomy":"post_tag","embeddable":true,"href":"https:\/\/lametro989.com\/index.php?rest_route=%2Fwp%2Fv2%2Ftags&post=675"}],"curies":[{"name":"wp","href":"https:\/\/api.w.org\/{rel}","templated":true}]}}