{"id":678,"date":"2023-07-03T22:19:14","date_gmt":"2023-07-04T01:19:14","guid":{"rendered":"https:\/\/lametro989.com\/?p=678"},"modified":"2023-07-03T22:19:14","modified_gmt":"2023-07-04T01:19:14","slug":"dieron-positivos-para-sangre-humana-los-peritajes-de-gendarmeria-en-la-vivienda-de-los-sena","status":"publish","type":"post","link":"https:\/\/lametro989.com\/?p=678","title":{"rendered":"Dieron positivos para sangre humana los peritajes de Gendarmer\u00eda en la vivienda de los Sena"},"content":{"rendered":"\n<p>Estos rastros fueron levantados durante una actuaci\u00f3n de la fuerza nacional en la casa de la familia, en Santa Mar\u00eda de Oro 1460 de Resistencia.<\/p>\n\n\n\n<figure class=\"wp-block-image size-full\"><img loading=\"lazy\" decoding=\"async\" width=\"720\" height=\"480\" src=\"https:\/\/lametro989.com\/wp-content\/uploads\/2023\/07\/imagen-23.png\" alt=\"\" class=\"wp-image-679\" srcset=\"https:\/\/lametro989.com\/wp-content\/uploads\/2023\/07\/imagen-23.png 720w, https:\/\/lametro989.com\/wp-content\/uploads\/2023\/07\/imagen-23-300x200.png 300w\" sizes=\"auto, (max-width: 720px) 100vw, 720px\" \/><\/figure>\n\n\n\n<p>Peritajes realizados por Gendarmer\u00eda Nacional en el domicilio de la familia Sena, en Santa Mar\u00eda de Oro 1460, dieron positivo para sangre humana, seg\u00fan revelaron fuentes de la investigaci\u00f3n este lunes.<\/p>\n\n\n\n<p>Se trata de rastros levantados en distintos puntos de la vivienda donde los fiscales presumen se consum\u00f3 el crimen de Cecilia Strzyzowski, seg\u00fan inform\u00f3 el canal TN en base a fuentes judiciales.<\/p>\n\n\n\n<p>Adem\u00e1s, los investigadores del femicidio realizar\u00e1n peritajes sobre lo que ser\u00edan <strong>restos de una mochila y una billetera de la v\u00edctima<\/strong>, elementos que fueron secuestrados tras un allanamiento realizado por personal de Gendarmer\u00eda Nacional hace 10 d\u00edas.<\/p>\n\n\n\n<p>En tanto, se supo que en la noche de este lunes, prestaba declaraci\u00f3n testimonial otro testigo de identidad reservada, aportando m\u00e1s detalles a la investigaci\u00f3n fiscal.<\/p>\n","protected":false},"excerpt":{"rendered":"<p>Estos rastros fueron levantados durante una actuaci\u00f3n de la fuerza nacional en la casa de la familia, en Santa Mar\u00eda de Oro 1460 de Resistencia.&hellip; <\/p>\n","protected":false},"author":2,"featured_media":679,"comment_status":"open","ping_status":"open","sticky":false,"template":"","format":"standard","meta":{"footnotes":""},"categories":[9,2],"tags":[],"class_list":["post-678","post","type-post","status-publish","format-standard","has-post-thumbnail","hentry","category-destacadas","category-provinciales"],"_links":{"self":[{"href":"https:\/\/lametro989.com\/index.php?rest_route=\/wp\/v2\/posts\/678","targetHints":{"allow":["GET"]}}],"collection":[{"href":"https:\/\/lametro989.com\/index.php?rest_route=\/wp\/v2\/posts"}],"about":[{"href":"https:\/\/lametro989.com\/index.php?rest_route=\/wp\/v2\/types\/post"}],"author":[{"embeddable":true,"href":"https:\/\/lametro989.com\/index.php?rest_route=\/wp\/v2\/users\/2"}],"replies":[{"embeddable":true,"href":"https:\/\/lametro989.com\/index.php?rest_route=%2Fwp%2Fv2%2Fcomments&post=678"}],"version-history":[{"count":1,"href":"https:\/\/lametro989.com\/index.php?rest_route=\/wp\/v2\/posts\/678\/revisions"}],"predecessor-version":[{"id":680,"href":"https:\/\/lametro989.com\/index.php?rest_route=\/wp\/v2\/posts\/678\/revisions\/680"}],"wp:featuredmedia":[{"embeddable":true,"href":"https:\/\/lametro989.com\/index.php?rest_route=\/wp\/v2\/media\/679"}],"wp:attachment":[{"href":"https:\/\/lametro989.com\/index.php?rest_route=%2Fwp%2Fv2%2Fmedia&parent=678"}],"wp:term":[{"taxonomy":"category","embeddable":true,"href":"https:\/\/lametro989.com\/index.php?rest_route=%2Fwp%2Fv2%2Fcategories&post=678"},{"taxonomy":"post_tag","embeddable":true,"href":"https:\/\/lametro989.com\/index.php?rest_route=%2Fwp%2Fv2%2Ftags&post=678"}],"curies":[{"name":"wp","href":"https:\/\/api.w.org\/{rel}","templated":true}]}}