{"id":685,"date":"2023-07-03T22:23:17","date_gmt":"2023-07-04T01:23:17","guid":{"rendered":"https:\/\/lametro989.com\/?p=685"},"modified":"2023-07-03T22:23:17","modified_gmt":"2023-07-04T01:23:17","slug":"citaron-a-declarar-como-imputado-a-lautaro-acosta","status":"publish","type":"post","link":"https:\/\/lametro989.com\/?p=685","title":{"rendered":"Citaron a declarar como imputado a Lautaro Acosta"},"content":{"rendered":"\n<p>El fiscal Juan Manuel Baloira llam\u00f3 a indagatoria al jugador de Lan\u00fas. Est\u00e1 acusado del delito de &#8220;coacci\u00f3n&#8221;, que contempla una pena de hasta dos a\u00f1os.<\/p>\n\n\n\n<figure class=\"wp-block-image size-large\"><img loading=\"lazy\" decoding=\"async\" width=\"1024\" height=\"576\" src=\"https:\/\/lametro989.com\/wp-content\/uploads\/2023\/07\/imagen-26-1024x576.png\" alt=\"\" class=\"wp-image-686\" srcset=\"https:\/\/lametro989.com\/wp-content\/uploads\/2023\/07\/imagen-26-1024x576.png 1024w, https:\/\/lametro989.com\/wp-content\/uploads\/2023\/07\/imagen-26-300x169.png 300w, https:\/\/lametro989.com\/wp-content\/uploads\/2023\/07\/imagen-26-768x432.png 768w, https:\/\/lametro989.com\/wp-content\/uploads\/2023\/07\/imagen-26.png 1200w\" sizes=\"auto, (max-width: 1024px) 100vw, 1024px\" \/><\/figure>\n\n\n\n<p>Tres d\u00edas despu\u00e9s de que Lan\u00fas le levantara la licencia y sumara minutos en el triunfo sobre Platense en Vicente L\u00f3pez, <strong>Lautaro Acosta fue citado a declarar como imputado tras las denuncias de su expareja<\/strong>, Ludmila Isabella. Luego de que se conociera esta noticia, el propio jugador dio su versi\u00f3n de los hechos y cont\u00f3 c\u00f3mo estar\u00e1 el panorama judicial.<\/p>\n\n\n\n<p>As\u00ed lo dispuso Juan Manuel Baloira, fiscal de Lomas de Zamora, donde el <strong>delantero deber\u00e1 brindar su testimonio en los tribunales <\/strong>el pr\u00f3ximo lunes<strong>. <\/strong>Si bien la joven, que tambi\u00e9n fue llamada a indagatoria, <strong>inform\u00f3<\/strong> <strong>d\u00edas atr\u00e1s por medio de un escrito haber llegado a un acuerdo extrajudicial con el futbolista, la Justicia decidi\u00f3 seguir adelante con la investigaci\u00f3n al estar ratificada la denuncia.<\/strong><\/p>\n\n\n\n<p>Esto se dio luego de que <strong>Acosta no cumpliera con las pautas que le hab\u00edan impuesto de presentarse durante dos d\u00edas a un curso de conservatorio sobre g\u00e9nero y cultura.<\/strong> El jugador del \u201cGranate\u201d desconoce la acusaci\u00f3n en su contra por el delito de \u201ccoacci\u00f3n\u201d, que contempla una pena de hasta dos a\u00f1os, y sostiene que &#8220;ya est\u00e1 todo bien y terminado&#8221;. Incluso, asegura estar realizando un curso obligatorio.<\/p>\n\n\n\n<h3 class=\"wp-block-heading\">La denuncia por violencia de g\u00e9nero<\/h3>\n\n\n\n<p>Luego de realizar la <strong>segunda denuncia<\/strong> contra Acosta (la primera fue en 2019, aunque tiempo despu\u00e9s volvi\u00f3 con el futbolista &#8220;porque me convenci\u00f3, me dijo que estaba enamorado&#8221;), <strong>Isabella hizo p\u00fablico a principios de junio su caso en las redes sociales:<\/strong> comparti\u00f3 fotos de las agresiones que sufri\u00f3, pidi\u00f3 ayuda y exigi\u00f3 justicia por sufrir &#8220;violencia f\u00edsica, psicol\u00f3gica y econ\u00f3mica&#8221;.<\/p>\n\n\n\n<p>En el posteo, <strong>detall\u00f3 lo que habr\u00eda vivido en otras ocasiones durante los siete a\u00f1os de relaci\u00f3n.<\/strong> &#8220;Siempre voy a recordar esas madrugadas que me golpeaba sin parar, me arrastraba por el piso y hasta lleg\u00f3 a darme una patada en la nuca ya tirada en el piso hecha bolita&#8221;, expres\u00f3 y comparti\u00f3 im\u00e1genes de sus lesiones.<\/p>\n\n\n\n<p>Luego, continu\u00f3 con el duro relato: &#8220;Una vez lleg\u00f3 a amenazarme con una cuchilla blanca de carnicero que ten\u00edamos en casa y me la pon\u00eda en la panza, me romp\u00eda la ropa, me la escup\u00eda y pateaba. Yo iba a la pieza de Beni y me tapaba con la frazada al lado de \u00e9l para que tenga un poco de compasi\u00f3n, (&#8230;) pero no pasaba, me ven\u00eda a buscar y me sacaba de los pelos hasta nuestra habitaci\u00f3n de nuevo arrastrando&#8221;.<\/p>\n\n\n\n<p>Por otro lado, <strong>se refiri\u00f3 a la violencia psicol\u00f3gica que afirma haber sufrido<\/strong>: &#8220;Me dec\u00eda que todo lo que yo hac\u00eda estaba mal, que no serv\u00eda para nada, que era poca cosa y que \u00e9l me salv\u00f3 la vida, que me sac\u00f3 del barro. Me dec\u00eda que, si yo hac\u00eda o dec\u00eda algo, me iba a matar, a m\u00ed y a mi familia&#8221;.<\/p>\n\n\n\n<p>Por \u00faltimo, <strong>pidi\u00f3 ayuda<\/strong> ya que &#8220;tengo miedo por mi vida y la vida de mi hijo. Nos ha dejado en la calle. Siempre cre\u00ed que iba a cambiar y me equivoqu\u00e9. \u00c9l est\u00e1 impune, viaja, sigue jugando al f\u00fatbol y la gente lo sigue queriendo pese al monstruo de persona que es. Es violento hasta en la cancha, lo demuestra en cada partido. No doy m\u00e1s&#8221;.<\/p>\n\n\n\n<h3 class=\"wp-block-heading\">Lautaro Acosta, tras volver a jugar en Lan\u00fas el \u00faltimo viernes<\/h3>\n\n\n\n<p>En la previa al duelo ante Platense, luego de conocerse que las partes llegaron a un acuerdo econ\u00f3mico, el Granate emiti\u00f3 un comunicado donde dio por <strong>finalizado &#8220;su per\u00edodo de licencia quedando a disposici\u00f3n del cuerpo t\u00e9cnico&#8221; y ratific\u00f3 su compromiso con el protocolo de g\u00e9nero ante lo sucedido.<\/strong><\/p>\n\n\n\n<p>En el encuentro, <strong>Acosta ingres\u00f3 a los 80 minutos<\/strong>, con el marcador ya a favor del Granate gracias al gol de Mat\u00edas Esquivel. Luego del partido, dialog\u00f3 con Paso a Paso y explic\u00f3<strong>: &#8220;Se pudo arreglar. Estoy contento de volver a jugar y de volver a estar. Le agradezco a mis viejos, mi familia, compa\u00f1eros y amigos, que siempre estuvieron apoy\u00e1ndome y saben qui\u00e9n soy&#8221;.<\/strong><\/p>\n\n\n\n<h3 class=\"wp-block-heading\">La expareja de Acosta asegur\u00f3 que &#8220;se sent\u00eda impune&#8221; por el caso Villa<\/h3>\n\n\n\n<p>A mediados del mes pasado, en di\u00e1logo con la prensa en la puerta de la Fiscal\u00eda de Lomas de Zamora, <strong>la denunciante brind\u00f3 detalles sobre las situaciones de abuso que vivi\u00f3 en los siete a\u00f1os de relaci\u00f3n e hizo referencia a la causa de Sebasti\u00e1n Villa<\/strong>: &#8220;\u00c9l se sent\u00eda impune, me dec\u00eda que arreglaba todo con plata. Me dec\u00eda &#8216;yo s\u00e9 que a vos te cagu\u00e9 la vida&#8217;, sent\u00eda bronca hacia m\u00ed, no s\u00e9 por qu\u00e9. Cuando me amenaz\u00f3 la \u00faltima vez le dije que le iba a hacer la denuncia, que iba a terminar como Villa, a lo que \u00e9l me respondi\u00f3: &#8216;mir\u00e1 Villa qu\u00e9 mal que est\u00e1, est\u00e1 en la casa&#8230;'&#8221;.<\/p>\n\n\n\n<p><em>En Argentina, la L\u00ednea 144 brinda atenci\u00f3n telef\u00f3nica a mujeres v\u00edctimas de violencia de g\u00e9nero durante las 24 horas, los 365 d\u00edas del a\u00f1o. Es an\u00f3nima, gratuita y nacional.<\/em><\/p>\n\n\n\n<p><strong><em>Fuente: TyC Sports<\/em><\/strong><\/p>\n","protected":false},"excerpt":{"rendered":"<p>El fiscal Juan Manuel Baloira llam\u00f3 a indagatoria al jugador de Lan\u00fas. Est\u00e1 acusado del delito de &#8220;coacci\u00f3n&#8221;, que contempla una pena de hasta dos&hellip; <\/p>\n","protected":false},"author":2,"featured_media":686,"comment_status":"open","ping_status":"open","sticky":false,"template":"","format":"standard","meta":{"footnotes":""},"categories":[13],"tags":[],"class_list":["post-685","post","type-post","status-publish","format-standard","has-post-thumbnail","hentry","category-nacionales"],"_links":{"self":[{"href":"https:\/\/lametro989.com\/index.php?rest_route=\/wp\/v2\/posts\/685","targetHints":{"allow":["GET"]}}],"collection":[{"href":"https:\/\/lametro989.com\/index.php?rest_route=\/wp\/v2\/posts"}],"about":[{"href":"https:\/\/lametro989.com\/index.php?rest_route=\/wp\/v2\/types\/post"}],"author":[{"embeddable":true,"href":"https:\/\/lametro989.com\/index.php?rest_route=\/wp\/v2\/users\/2"}],"replies":[{"embeddable":true,"href":"https:\/\/lametro989.com\/index.php?rest_route=%2Fwp%2Fv2%2Fcomments&post=685"}],"version-history":[{"count":1,"href":"https:\/\/lametro989.com\/index.php?rest_route=\/wp\/v2\/posts\/685\/revisions"}],"predecessor-version":[{"id":687,"href":"https:\/\/lametro989.com\/index.php?rest_route=\/wp\/v2\/posts\/685\/revisions\/687"}],"wp:featuredmedia":[{"embeddable":true,"href":"https:\/\/lametro989.com\/index.php?rest_route=\/wp\/v2\/media\/686"}],"wp:attachment":[{"href":"https:\/\/lametro989.com\/index.php?rest_route=%2Fwp%2Fv2%2Fmedia&parent=685"}],"wp:term":[{"taxonomy":"category","embeddable":true,"href":"https:\/\/lametro989.com\/index.php?rest_route=%2Fwp%2Fv2%2Fcategories&post=685"},{"taxonomy":"post_tag","embeddable":true,"href":"https:\/\/lametro989.com\/index.php?rest_route=%2Fwp%2Fv2%2Ftags&post=685"}],"curies":[{"name":"wp","href":"https:\/\/api.w.org\/{rel}","templated":true}]}}