{"id":693,"date":"2023-07-03T23:06:24","date_gmt":"2023-07-04T02:06:24","guid":{"rendered":"https:\/\/lametro989.com\/?p=693"},"modified":"2023-07-03T23:06:24","modified_gmt":"2023-07-04T02:06:24","slug":"la-autopercepcion-de-genero-para-escapar-de-una-condena-por-femicidio-que-opinan-los-especialistas","status":"publish","type":"post","link":"https:\/\/lametro989.com\/?p=693","title":{"rendered":"La autopercepci\u00f3n de g\u00e9nero para escapar de una condena por femicidio: \u00bfQu\u00e9 opinan los especialistas?"},"content":{"rendered":"\n<p>En su programa &#8220;Al fin y al cabo&#8221; transmitido por CNN Resistencia (92.7), Adri\u00e1n Puente dialog\u00f3 con la especialista en Derecho Internacional, Dra. Carla Junqueira, quien explic\u00f3 que la auto-percepci\u00f3n de g\u00e9nero no tiene efectos legales si no est\u00e1 respaldada por un cambio en el documento de identidad. Consider\u00f3 que utilizar la identidad de g\u00e9nero para beneficio propio puede deslegitimar el movimiento trans y abrir la puerta a situaciones peligrosas.<\/p>\n\n\n\n<figure class=\"wp-block-image size-full\"><img loading=\"lazy\" decoding=\"async\" width=\"696\" height=\"455\" src=\"https:\/\/lametro989.com\/wp-content\/uploads\/2023\/07\/imagen-29.png\" alt=\"\" class=\"wp-image-694\" srcset=\"https:\/\/lametro989.com\/wp-content\/uploads\/2023\/07\/imagen-29.png 696w, https:\/\/lametro989.com\/wp-content\/uploads\/2023\/07\/imagen-29-300x196.png 300w\" sizes=\"auto, (max-width: 696px) 100vw, 696px\" \/><\/figure>\n\n\n\n<p><em>&#8220;Todav\u00eda la ley no cambi\u00f3 para incluir identidad de g\u00e9nero. La posibilidad de tener un documento con un sexo distinto de tu sexo biol\u00f3gico no significa que vos pueda auto percibirse en cualquier momento de tu vida sin pasar por los criterios legales para obtener cualquier beneficio&#8221;,&nbsp;<\/em>asegur\u00f3 Junqueira.<\/p>\n\n\n\n<p>Frente al inicio del juicio contra&nbsp;Fernando Alves Ferreira&nbsp;por asesinar a&nbsp;Eduarda Santos&nbsp;en febrero de 2022, el abogado del imputado sentenci\u00f3 que este no ser\u00eda un femicidio porque su cliente se autopercibe mujer, en tanto se encuentra en&nbsp;igualdad de g\u00e9nero&nbsp;con la v\u00edctima.<\/p>\n\n\n\n<p>Ante esta situaci\u00f3n el fiscal del debate cuestion\u00f3 el argumento defensista al asegurar que el reclamo es a \u201cfines utilitarios\u201d, ya que el imputado tuvo varias oportunidades de cambiar su&nbsp;identidad de g\u00e9nero&nbsp;y reci\u00e9n lo intent\u00f3 a comienzos de este a\u00f1o con la llegada del&nbsp;juicio.<\/p>\n","protected":false},"excerpt":{"rendered":"<p>En su programa &#8220;Al fin y al cabo&#8221; transmitido por CNN Resistencia (92.7), Adri\u00e1n Puente dialog\u00f3 con la especialista en Derecho Internacional, Dra. Carla Junqueira,&hellip; <\/p>\n","protected":false},"author":2,"featured_media":694,"comment_status":"open","ping_status":"open","sticky":false,"template":"","format":"standard","meta":{"footnotes":""},"categories":[13],"tags":[],"class_list":["post-693","post","type-post","status-publish","format-standard","has-post-thumbnail","hentry","category-nacionales"],"_links":{"self":[{"href":"https:\/\/lametro989.com\/index.php?rest_route=\/wp\/v2\/posts\/693","targetHints":{"allow":["GET"]}}],"collection":[{"href":"https:\/\/lametro989.com\/index.php?rest_route=\/wp\/v2\/posts"}],"about":[{"href":"https:\/\/lametro989.com\/index.php?rest_route=\/wp\/v2\/types\/post"}],"author":[{"embeddable":true,"href":"https:\/\/lametro989.com\/index.php?rest_route=\/wp\/v2\/users\/2"}],"replies":[{"embeddable":true,"href":"https:\/\/lametro989.com\/index.php?rest_route=%2Fwp%2Fv2%2Fcomments&post=693"}],"version-history":[{"count":1,"href":"https:\/\/lametro989.com\/index.php?rest_route=\/wp\/v2\/posts\/693\/revisions"}],"predecessor-version":[{"id":695,"href":"https:\/\/lametro989.com\/index.php?rest_route=\/wp\/v2\/posts\/693\/revisions\/695"}],"wp:featuredmedia":[{"embeddable":true,"href":"https:\/\/lametro989.com\/index.php?rest_route=\/wp\/v2\/media\/694"}],"wp:attachment":[{"href":"https:\/\/lametro989.com\/index.php?rest_route=%2Fwp%2Fv2%2Fmedia&parent=693"}],"wp:term":[{"taxonomy":"category","embeddable":true,"href":"https:\/\/lametro989.com\/index.php?rest_route=%2Fwp%2Fv2%2Fcategories&post=693"},{"taxonomy":"post_tag","embeddable":true,"href":"https:\/\/lametro989.com\/index.php?rest_route=%2Fwp%2Fv2%2Ftags&post=693"}],"curies":[{"name":"wp","href":"https:\/\/api.w.org\/{rel}","templated":true}]}}