{"id":696,"date":"2023-07-03T23:11:46","date_gmt":"2023-07-04T02:11:46","guid":{"rendered":"https:\/\/lametro989.com\/?p=696"},"modified":"2023-07-03T23:11:46","modified_gmt":"2023-07-04T02:11:46","slug":"bomba-en-river-se-va-enzo-perez","status":"publish","type":"post","link":"https:\/\/lametro989.com\/?p=696","title":{"rendered":"Bomba en River: \u00bfse va Enzo P\u00e9rez?"},"content":{"rendered":"\n<p>El periodista Hern\u00e1n Castillo asegur\u00f3 este lunes que se complicaron las negociaciones para la renovaci\u00f3n del capit\u00e1n, cuyo contrato se termina a mitad de a\u00f1o.<\/p>\n\n\n\n<figure class=\"wp-block-image size-full\"><img loading=\"lazy\" decoding=\"async\" width=\"610\" height=\"343\" src=\"https:\/\/lametro989.com\/wp-content\/uploads\/2023\/07\/imagen-30.png\" alt=\"\" class=\"wp-image-697\" srcset=\"https:\/\/lametro989.com\/wp-content\/uploads\/2023\/07\/imagen-30.png 610w, https:\/\/lametro989.com\/wp-content\/uploads\/2023\/07\/imagen-30-300x169.png 300w\" sizes=\"auto, (max-width: 610px) 100vw, 610px\" \/><\/figure>\n\n\n\n<p>Mientras <strong>River <\/strong>se encuentra enfocado en lograr el t\u00edtulo de la <strong>Liga Profesional de F\u00fatbol<\/strong>, tambi\u00e9n piensa en el mercado de pases para la segunda parte del a\u00f1o, y en las \u00faltimas horas trascendi\u00f3 que <strong>Enzo P\u00e9rez<\/strong> podr\u00eda no renovar y por consiguiente, marcharse.<\/p>\n\n\n\n<p>El contrato del actual capit\u00e1n &#8220;millonario&#8221; vence a fin de a\u00f1o. Seg\u00fan inform\u00f3 este lunes <strong>Hern\u00e1n Castillo<\/strong>, hace dos meses las partes estaban muy cerca para cerrar la renovaci\u00f3n, pero &#8220;hoy todo est\u00e1 fr\u00edo y m\u00e1s cerca de irse que de quedarse&#8221;.<\/p>\n\n\n\n<p>El periodista agreg\u00f3 que <strong>el volante central de 37 a\u00f1os tiene ofertas de la Mejor League Soccer y de Medio Oriente<\/strong>, para salir ahora mismo, y se\u00f1al\u00f3 que de dejar el club en diciembre, no ser\u00eda para jugar en <strong>Deportivo Maip\u00fa<\/strong>, en donde piensa retirarse como dijo tiempo atr\u00e1s.<\/p>\n\n\n\n<p><a href=\"https:\/\/twitter.com\/HernanSCastillo\/status\/1675996219502391297\"><\/a>&#8220;Enzo P\u00e9rez puede hacer lo q quiera. Lleg\u00f3 a River y era figura del Valencia y ten\u00eda dos a\u00f1os m\u00e1s de contrato; sali\u00f3 campe\u00f3n de la Libertadores; y se visti\u00f3 de arquero corriendo el riesgo de ser un meme eterno (entre otras cosas)&#8221;, destac\u00f3 Castillo en su cuenta de Twitter.<\/p>\n","protected":false},"excerpt":{"rendered":"<p>El periodista Hern\u00e1n Castillo asegur\u00f3 este lunes que se complicaron las negociaciones para la renovaci\u00f3n del capit\u00e1n, cuyo contrato se termina a mitad de a\u00f1o.&hellip; <\/p>\n","protected":false},"author":2,"featured_media":697,"comment_status":"open","ping_status":"open","sticky":false,"template":"","format":"standard","meta":{"footnotes":""},"categories":[10],"tags":[],"class_list":["post-696","post","type-post","status-publish","format-standard","has-post-thumbnail","hentry","category-deportes"],"_links":{"self":[{"href":"https:\/\/lametro989.com\/index.php?rest_route=\/wp\/v2\/posts\/696","targetHints":{"allow":["GET"]}}],"collection":[{"href":"https:\/\/lametro989.com\/index.php?rest_route=\/wp\/v2\/posts"}],"about":[{"href":"https:\/\/lametro989.com\/index.php?rest_route=\/wp\/v2\/types\/post"}],"author":[{"embeddable":true,"href":"https:\/\/lametro989.com\/index.php?rest_route=\/wp\/v2\/users\/2"}],"replies":[{"embeddable":true,"href":"https:\/\/lametro989.com\/index.php?rest_route=%2Fwp%2Fv2%2Fcomments&post=696"}],"version-history":[{"count":1,"href":"https:\/\/lametro989.com\/index.php?rest_route=\/wp\/v2\/posts\/696\/revisions"}],"predecessor-version":[{"id":698,"href":"https:\/\/lametro989.com\/index.php?rest_route=\/wp\/v2\/posts\/696\/revisions\/698"}],"wp:featuredmedia":[{"embeddable":true,"href":"https:\/\/lametro989.com\/index.php?rest_route=\/wp\/v2\/media\/697"}],"wp:attachment":[{"href":"https:\/\/lametro989.com\/index.php?rest_route=%2Fwp%2Fv2%2Fmedia&parent=696"}],"wp:term":[{"taxonomy":"category","embeddable":true,"href":"https:\/\/lametro989.com\/index.php?rest_route=%2Fwp%2Fv2%2Fcategories&post=696"},{"taxonomy":"post_tag","embeddable":true,"href":"https:\/\/lametro989.com\/index.php?rest_route=%2Fwp%2Fv2%2Ftags&post=696"}],"curies":[{"name":"wp","href":"https:\/\/api.w.org\/{rel}","templated":true}]}}