{"id":703,"date":"2023-07-03T23:24:29","date_gmt":"2023-07-04T02:24:29","guid":{"rendered":"https:\/\/lametro989.com\/?p=703"},"modified":"2023-07-03T23:24:29","modified_gmt":"2023-07-04T02:24:29","slug":"juan-carlos-blumberg-cargo-contra-javier-milei-y-se-bajo-del-armado","status":"publish","type":"post","link":"https:\/\/lametro989.com\/?p=703","title":{"rendered":"Juan Carlos Blumberg carg\u00f3 contra Javier Milei y se baj\u00f3 del armado"},"content":{"rendered":"\n<p>El empresario textil iba a ser candidato por el espacio del economista liberal pero se baj\u00f3 del armado y afirm\u00f3: &#8220;me siento decepcionado&#8221;.<\/p>\n\n\n\n<figure class=\"wp-block-image size-full\"><img loading=\"lazy\" decoding=\"async\" width=\"610\" height=\"343\" src=\"https:\/\/lametro989.com\/wp-content\/uploads\/2023\/07\/imagen-32.png\" alt=\"\" class=\"wp-image-704\" srcset=\"https:\/\/lametro989.com\/wp-content\/uploads\/2023\/07\/imagen-32.png 610w, https:\/\/lametro989.com\/wp-content\/uploads\/2023\/07\/imagen-32-300x169.png 300w\" sizes=\"auto, (max-width: 610px) 100vw, 610px\" \/><\/figure>\n\n\n\n<p><strong>Juan Carlos Blumberg <\/strong>cont\u00f3 porque decidi\u00f3 bajarse del armado de<strong> Javier Milei<\/strong> y dio detalles de cu\u00e1nto hay que pagar para ser candidato en <strong>La Libertad Avanza.<\/strong><\/p>\n\n\n\n<p><strong>&#8220;Estoy realmente decepcionado, porque pens\u00e9 en figuras nuevas para que haya cambios. Llevo trabajando m\u00e1s de un a\u00f1o, convenciendo a gente, y empezaron a llegar las primeras alertas de Neuqu\u00e9n&#8221;<\/strong>, comenz\u00f3 diciendo Blumberg en di\u00e1logo con <em>Revelados TV.<\/em><\/p>\n\n\n\n<p>Y agreg\u00f3: &#8220;Sali\u00f3 a la luz que el grupo de La Libertad Avanza, Kikuchi y Pareja, ped\u00edan plata y uno queda sorprendido&#8221;, haciendo referencia a la denuncia del periodista y excandidato de Javier Milei en Neuqu\u00e9n, Carlos Egu\u00eda, que cont\u00f3 que ped\u00edan dinero a cambio de candidaturas.<\/p>\n\n\n\n<p>En una entrevista con el <em>Diario Perfil<\/em>, el falso ingeniero afirm\u00f3: <strong>&#8220;me usaron para la foto&#8221;.<\/strong><\/p>\n","protected":false},"excerpt":{"rendered":"<p>El empresario textil iba a ser candidato por el espacio del economista liberal pero se baj\u00f3 del armado y afirm\u00f3: &#8220;me siento decepcionado&#8221;. Juan Carlos&hellip; <\/p>\n","protected":false},"author":2,"featured_media":704,"comment_status":"open","ping_status":"open","sticky":false,"template":"","format":"standard","meta":{"footnotes":""},"categories":[5],"tags":[],"class_list":["post-703","post","type-post","status-publish","format-standard","has-post-thumbnail","hentry","category-politica"],"_links":{"self":[{"href":"https:\/\/lametro989.com\/index.php?rest_route=\/wp\/v2\/posts\/703","targetHints":{"allow":["GET"]}}],"collection":[{"href":"https:\/\/lametro989.com\/index.php?rest_route=\/wp\/v2\/posts"}],"about":[{"href":"https:\/\/lametro989.com\/index.php?rest_route=\/wp\/v2\/types\/post"}],"author":[{"embeddable":true,"href":"https:\/\/lametro989.com\/index.php?rest_route=\/wp\/v2\/users\/2"}],"replies":[{"embeddable":true,"href":"https:\/\/lametro989.com\/index.php?rest_route=%2Fwp%2Fv2%2Fcomments&post=703"}],"version-history":[{"count":1,"href":"https:\/\/lametro989.com\/index.php?rest_route=\/wp\/v2\/posts\/703\/revisions"}],"predecessor-version":[{"id":705,"href":"https:\/\/lametro989.com\/index.php?rest_route=\/wp\/v2\/posts\/703\/revisions\/705"}],"wp:featuredmedia":[{"embeddable":true,"href":"https:\/\/lametro989.com\/index.php?rest_route=\/wp\/v2\/media\/704"}],"wp:attachment":[{"href":"https:\/\/lametro989.com\/index.php?rest_route=%2Fwp%2Fv2%2Fmedia&parent=703"}],"wp:term":[{"taxonomy":"category","embeddable":true,"href":"https:\/\/lametro989.com\/index.php?rest_route=%2Fwp%2Fv2%2Fcategories&post=703"},{"taxonomy":"post_tag","embeddable":true,"href":"https:\/\/lametro989.com\/index.php?rest_route=%2Fwp%2Fv2%2Ftags&post=703"}],"curies":[{"name":"wp","href":"https:\/\/api.w.org\/{rel}","templated":true}]}}