{"id":706,"date":"2023-07-03T23:27:53","date_gmt":"2023-07-04T02:27:53","guid":{"rendered":"https:\/\/lametro989.com\/?p=706"},"modified":"2023-07-03T23:27:53","modified_gmt":"2023-07-04T02:27:53","slug":"julian-dominguez-tambien-se-suma-al-equipo-de-sergio-massa","status":"publish","type":"post","link":"https:\/\/lametro989.com\/?p=706","title":{"rendered":"Juli\u00e1n Dom\u00ednguez tambi\u00e9n se suma al equipo de Sergio Massa"},"content":{"rendered":"\n<p>Al igual que Sergio Massa, el ex ministro de Agricultura se suma al equipo del precandidato presidencial como asesor ad honorem.<\/p>\n\n\n\n<figure class=\"wp-block-image size-full\"><img loading=\"lazy\" decoding=\"async\" width=\"610\" height=\"343\" src=\"https:\/\/lametro989.com\/wp-content\/uploads\/2023\/07\/imagen-33.png\" alt=\"\" class=\"wp-image-707\" srcset=\"https:\/\/lametro989.com\/wp-content\/uploads\/2023\/07\/imagen-33.png 610w, https:\/\/lametro989.com\/wp-content\/uploads\/2023\/07\/imagen-33-300x169.png 300w\" sizes=\"auto, (max-width: 610px) 100vw, 610px\" \/><\/figure>\n\n\n\n<p>El ex ministro de Agricultura, <strong>Juli\u00e1n Dom\u00ednguez<\/strong>, ser\u00e1 asesor ad honorem del <strong>Ministerio de Econom\u00eda<\/strong> como parte de las rondas de di\u00e1logo tras la definici\u00f3n del precandidato presidencial, <strong>Sergio Massa<\/strong>, por el oficialista <strong>Uni\u00f3n por la Patria<\/strong>.<\/p>\n\n\n\n<p>Dom\u00ednguez tendr\u00e1 entre sus tareas la de &#8220;construir el Acuerdo Social entre sindicatos, empresarios Universidades y Estado que fije el modelo de desarrollo e industrializaci\u00f3n de los recursos naturales argentinos&#8221;.<\/p>\n\n\n\n<p>El dirigente fue dos veces ministro de Agricultura y actualmente es Director de proyectos especiales de Smata, sindicato que conduce Ricardo Pignanelli, y Coordinador t\u00e9cnico de la Confederaci\u00f3n de Gremios Industriales (CSIRA).<\/p>\n\n\n\n<p>En tal sentido, se explic\u00f3 &#8220;ha venido construyendo v\u00ednculos y articulaciones con los sectores agropecuarios del interior del pa\u00eds y los sectores industriales, particularmente la industria automotriz&#8221;.<\/p>\n\n\n\n<p>&#8220;El trabajo es el ordenador social por excelencia, y que sindicatos empresas y Universidades deben interpretar las se\u00f1ales de progreso que vienen del futuro y sentar las bases del 2030&#8221;, afirm\u00f3 Dom\u00ednguez.<\/p>\n\n\n\n<p>En ese sentido, el tambi\u00e9n expresidente de la C\u00e1mara de Diputados consider\u00f3 que &#8220;es momento de poner, con sentido patri\u00f3tico, las capacidades nacionales en valor, en un contexto de reordenamiento de las cadenas globales y, aprovechar las oportunidades de este tiempo&#8221;.<\/p>\n\n\n\n<p>De esta manera, Dom\u00ednguez se suma al equipo de Massa tal como a fines de la semana pasada lo hiciera el embajador argentino en Brasil, <a href=\"https:\/\/www.minutouno.com\/politica\/sergio-massa\/daniel-scioli-se-suma-al-equipo-este-lunes-n5760115\" target=\"_blank\" rel=\"noreferrer noopener\"><strong>Daniel Scioli<\/strong>, quien tambi\u00e9n bajo la figura de &#8220;asesor especial&#8221; ad honorem se desempe\u00f1ar\u00e1 en temas internacionales<\/a>.<\/p>\n","protected":false},"excerpt":{"rendered":"<p>Al igual que Sergio Massa, el ex ministro de Agricultura se suma al equipo del precandidato presidencial como asesor ad honorem. El ex ministro de&hellip; <\/p>\n","protected":false},"author":2,"featured_media":707,"comment_status":"open","ping_status":"open","sticky":false,"template":"","format":"standard","meta":{"footnotes":""},"categories":[9,5],"tags":[],"class_list":["post-706","post","type-post","status-publish","format-standard","has-post-thumbnail","hentry","category-destacadas","category-politica"],"_links":{"self":[{"href":"https:\/\/lametro989.com\/index.php?rest_route=\/wp\/v2\/posts\/706","targetHints":{"allow":["GET"]}}],"collection":[{"href":"https:\/\/lametro989.com\/index.php?rest_route=\/wp\/v2\/posts"}],"about":[{"href":"https:\/\/lametro989.com\/index.php?rest_route=\/wp\/v2\/types\/post"}],"author":[{"embeddable":true,"href":"https:\/\/lametro989.com\/index.php?rest_route=\/wp\/v2\/users\/2"}],"replies":[{"embeddable":true,"href":"https:\/\/lametro989.com\/index.php?rest_route=%2Fwp%2Fv2%2Fcomments&post=706"}],"version-history":[{"count":1,"href":"https:\/\/lametro989.com\/index.php?rest_route=\/wp\/v2\/posts\/706\/revisions"}],"predecessor-version":[{"id":708,"href":"https:\/\/lametro989.com\/index.php?rest_route=\/wp\/v2\/posts\/706\/revisions\/708"}],"wp:featuredmedia":[{"embeddable":true,"href":"https:\/\/lametro989.com\/index.php?rest_route=\/wp\/v2\/media\/707"}],"wp:attachment":[{"href":"https:\/\/lametro989.com\/index.php?rest_route=%2Fwp%2Fv2%2Fmedia&parent=706"}],"wp:term":[{"taxonomy":"category","embeddable":true,"href":"https:\/\/lametro989.com\/index.php?rest_route=%2Fwp%2Fv2%2Fcategories&post=706"},{"taxonomy":"post_tag","embeddable":true,"href":"https:\/\/lametro989.com\/index.php?rest_route=%2Fwp%2Fv2%2Ftags&post=706"}],"curies":[{"name":"wp","href":"https:\/\/api.w.org\/{rel}","templated":true}]}}