{"id":709,"date":"2023-07-03T23:31:21","date_gmt":"2023-07-04T02:31:21","guid":{"rendered":"https:\/\/lametro989.com\/?p=709"},"modified":"2023-07-03T23:31:21","modified_gmt":"2023-07-04T02:31:21","slug":"reunion-entre-china-y-rusia-el-gigante-asiatico-pidio-mantener-la-paz-y-la-estabilidad-regionales","status":"publish","type":"post","link":"https:\/\/lametro989.com\/?p=709","title":{"rendered":"Reuni\u00f3n entre China y Rusia: el gigante asi\u00e1tico pidi\u00f3 &#8220;mantener la paz y la estabilidad regionales&#8221;"},"content":{"rendered":"\n<p>Lo asegur\u00f3 el consejero de Estado y ministro de Defensa Nacional chino, Li Shangfu. El encuentro fue con el comandante en jefe de la Armada rusa, Nikolay Yevmenov.<\/p>\n\n\n\n<figure class=\"wp-block-image size-large\"><img loading=\"lazy\" decoding=\"async\" width=\"1024\" height=\"553\" src=\"https:\/\/lametro989.com\/wp-content\/uploads\/2023\/07\/imagen-34-1024x553.png\" alt=\"\" class=\"wp-image-710\" srcset=\"https:\/\/lametro989.com\/wp-content\/uploads\/2023\/07\/imagen-34-1024x553.png 1024w, https:\/\/lametro989.com\/wp-content\/uploads\/2023\/07\/imagen-34-300x162.png 300w, https:\/\/lametro989.com\/wp-content\/uploads\/2023\/07\/imagen-34-768x415.png 768w, https:\/\/lametro989.com\/wp-content\/uploads\/2023\/07\/imagen-34.png 1170w\" sizes=\"auto, (max-width: 1024px) 100vw, 1024px\" \/><\/figure>\n\n\n\n<p>En el marco de la <a href=\"https:\/\/www.canal26.com\/tag\/guerra-rusia-ucrania--16390\" target=\"_blank\" rel=\"noreferrer noopener\">guerra en Ucrania<\/a>, el consejero de Estado y ministro de Defensa Nacional de <a href=\"https:\/\/www.canal26.com\/tag\/china--2436\" target=\"_blank\" rel=\"noreferrer noopener\">China<\/a>, <strong>Li Shangfu<\/strong>, se reuni\u00f3 en Pek\u00edn con el comandante en jefe de la Armada rusa, <strong>Nikolay Yevmenov.<\/strong><\/p>\n\n\n\n<p>Tras el encuentro, el funcionario chino <strong>pidi\u00f3 mantener la paz y la estabilidad regionales.<\/strong><\/p>\n\n\n\n<p>Li explic\u00f3 que los dos jefes de Estado <strong>dise\u00f1aron borradores para las relaciones China-Rusia<\/strong> y su cooperaci\u00f3n en diversos \u00e1mbitos.<\/p>\n\n\n\n<figure class=\"wp-block-image\"><img decoding=\"async\" src=\"https:\/\/www.canal26.com\/media\/image\/2023\/07\/03\/550202.jpg\" alt=\"Li Shangfu, consejero de Estado y ministro de Defensa Nacional de China. Foto: NA.\" title=\"Li Shangfu, consejero de Estado y ministro de Defensa Nacional de China. Foto: NA.\"\/><\/figure>\n\n\n\n<p>Pidi\u00f3 esfuerzos para impulsar y profundizar las relaciones entre las dos fuerzas armadas, <strong>reforzando las comunicaciones avales y ampliando la cooperaci\u00f3n en \u00e1reas profesionales<\/strong><\/p>\n\n\n\n<h2 class=\"wp-block-heading\">La palabra del comandante ruso<\/h2>\n\n\n\n<p>Por su parte, Yevmenov indic\u00f3 que Rusia concede gran importancia al <strong>fortalecimiento de la cooperaci\u00f3n militar con China<\/strong> y que est\u00e1 dispuesta a mantener una coordinaci\u00f3n estrecha con ese pa\u00eds para conducir las relaciones entre bilaterales y a sus fuerzas armadas a un nuevo nivel.<\/p>\n\n\n\n<p><video height=\"0\"><\/video><\/p>\n\n\n\n<p>Evmenov enfatiz\u00f3 que dicho intercambio militar <strong>es muy importante para su naci\u00f3n en todas las \u00e1reas.<\/strong><\/p>\n\n\n\n<p>\u201cEstoy listo para mantener una estrecha coordinaci\u00f3n con China e<strong> implementar de manera constante los importantes acuerdos alcanzados por los l\u00edderes de los dos estados\u201d<\/strong>, expres\u00f3.<\/p>\n","protected":false},"excerpt":{"rendered":"<p>Lo asegur\u00f3 el consejero de Estado y ministro de Defensa Nacional chino, Li Shangfu. El encuentro fue con el comandante en jefe de la Armada&hellip; <\/p>\n","protected":false},"author":2,"featured_media":710,"comment_status":"open","ping_status":"open","sticky":false,"template":"","format":"standard","meta":{"footnotes":""},"categories":[5],"tags":[],"class_list":["post-709","post","type-post","status-publish","format-standard","has-post-thumbnail","hentry","category-politica"],"_links":{"self":[{"href":"https:\/\/lametro989.com\/index.php?rest_route=\/wp\/v2\/posts\/709","targetHints":{"allow":["GET"]}}],"collection":[{"href":"https:\/\/lametro989.com\/index.php?rest_route=\/wp\/v2\/posts"}],"about":[{"href":"https:\/\/lametro989.com\/index.php?rest_route=\/wp\/v2\/types\/post"}],"author":[{"embeddable":true,"href":"https:\/\/lametro989.com\/index.php?rest_route=\/wp\/v2\/users\/2"}],"replies":[{"embeddable":true,"href":"https:\/\/lametro989.com\/index.php?rest_route=%2Fwp%2Fv2%2Fcomments&post=709"}],"version-history":[{"count":1,"href":"https:\/\/lametro989.com\/index.php?rest_route=\/wp\/v2\/posts\/709\/revisions"}],"predecessor-version":[{"id":711,"href":"https:\/\/lametro989.com\/index.php?rest_route=\/wp\/v2\/posts\/709\/revisions\/711"}],"wp:featuredmedia":[{"embeddable":true,"href":"https:\/\/lametro989.com\/index.php?rest_route=\/wp\/v2\/media\/710"}],"wp:attachment":[{"href":"https:\/\/lametro989.com\/index.php?rest_route=%2Fwp%2Fv2%2Fmedia&parent=709"}],"wp:term":[{"taxonomy":"category","embeddable":true,"href":"https:\/\/lametro989.com\/index.php?rest_route=%2Fwp%2Fv2%2Fcategories&post=709"},{"taxonomy":"post_tag","embeddable":true,"href":"https:\/\/lametro989.com\/index.php?rest_route=%2Fwp%2Fv2%2Ftags&post=709"}],"curies":[{"name":"wp","href":"https:\/\/api.w.org\/{rel}","templated":true}]}}