{"id":712,"date":"2023-07-03T23:42:09","date_gmt":"2023-07-04T02:42:09","guid":{"rendered":"https:\/\/lametro989.com\/?p=712"},"modified":"2023-07-03T23:42:09","modified_gmt":"2023-07-04T02:42:09","slug":"la-decision-de-gloria-romero-de-no-hablar-mas-con-los-medios","status":"publish","type":"post","link":"https:\/\/lametro989.com\/?p=712","title":{"rendered":"La decisi\u00f3n de Gloria Romero de no hablar m\u00e1s con los medios"},"content":{"rendered":"\n<p>La madre de la joven, a trav\u00e9s de su cuenta de Instagram, explic\u00f3 por qu\u00e9 tom\u00f3 esa determinaci\u00f3n, pero adelant\u00f3 que las marchas seguir\u00e1n.<\/p>\n\n\n\n<figure class=\"wp-block-image size-large\"><img loading=\"lazy\" decoding=\"async\" width=\"1024\" height=\"683\" src=\"https:\/\/lametro989.com\/wp-content\/uploads\/2023\/07\/imagen-35-1024x683.png\" alt=\"\" class=\"wp-image-713\" srcset=\"https:\/\/lametro989.com\/wp-content\/uploads\/2023\/07\/imagen-35-1024x683.png 1024w, https:\/\/lametro989.com\/wp-content\/uploads\/2023\/07\/imagen-35-300x200.png 300w, https:\/\/lametro989.com\/wp-content\/uploads\/2023\/07\/imagen-35-768x512.png 768w, https:\/\/lametro989.com\/wp-content\/uploads\/2023\/07\/imagen-35.png 1500w\" sizes=\"auto, (max-width: 1024px) 100vw, 1024px\" \/><\/figure>\n\n\n\n<p>\u201cLas marchas seguir\u00e1n, pero no las notas\u201d, dijo este lunes Gloria Romero, a trav\u00e9s de videos en su cuenta de Instagram. As\u00ed, la madre de Cecilia Strzyzowski, comunic\u00f3 la decisi\u00f3n de no hablar m\u00e1s con los medios \u201cpor un buen tiempo\u201d, y porque las repercusiones de esas entrevistas son siempre que la pol\u00edtica \u201cse meta en el medio\u201d.<\/p>\n\n\n\n<p>\u201cNo me gusta que se meta la pol\u00edtica. Voy a <em>freezarme<\/em>, no voy a dar m\u00e1s notas a nadie por un buen tiempo. Si quieren saber o hablar algo, h\u00e1blenlo con mis abogados\u201d, dijo la mujer, que es representada en la querella de la causa judicial por Gustavo Briend, Jos\u00e9 Arreg\u00edn y Fernando Burlando.<\/p>\n\n\n\n<p>As\u00ed, asegur\u00f3 que \u201clo \u00fanico que hacen es meter a la pol\u00edtica\u201d. \u201cYo quiero volver a mi freezer, a mi termo, a la vida que siempre hice como ama de casa. Soy un h\u00e1mster, quiero mi cueva, de la que s\u00f3lo sal\u00ed para pedir justicia por mi hija\u201d, resalt\u00f3, indicando en varios pasajes de sus videos que la \u201cpol\u00edtica es sucia\u201d. &nbsp;<\/p>\n","protected":false},"excerpt":{"rendered":"<p>La madre de la joven, a trav\u00e9s de su cuenta de Instagram, explic\u00f3 por qu\u00e9 tom\u00f3 esa determinaci\u00f3n, pero adelant\u00f3 que las marchas seguir\u00e1n. \u201cLas&hellip; <\/p>\n","protected":false},"author":2,"featured_media":713,"comment_status":"open","ping_status":"open","sticky":false,"template":"","format":"standard","meta":{"footnotes":""},"categories":[9,5],"tags":[],"class_list":["post-712","post","type-post","status-publish","format-standard","has-post-thumbnail","hentry","category-destacadas","category-politica"],"_links":{"self":[{"href":"https:\/\/lametro989.com\/index.php?rest_route=\/wp\/v2\/posts\/712","targetHints":{"allow":["GET"]}}],"collection":[{"href":"https:\/\/lametro989.com\/index.php?rest_route=\/wp\/v2\/posts"}],"about":[{"href":"https:\/\/lametro989.com\/index.php?rest_route=\/wp\/v2\/types\/post"}],"author":[{"embeddable":true,"href":"https:\/\/lametro989.com\/index.php?rest_route=\/wp\/v2\/users\/2"}],"replies":[{"embeddable":true,"href":"https:\/\/lametro989.com\/index.php?rest_route=%2Fwp%2Fv2%2Fcomments&post=712"}],"version-history":[{"count":1,"href":"https:\/\/lametro989.com\/index.php?rest_route=\/wp\/v2\/posts\/712\/revisions"}],"predecessor-version":[{"id":714,"href":"https:\/\/lametro989.com\/index.php?rest_route=\/wp\/v2\/posts\/712\/revisions\/714"}],"wp:featuredmedia":[{"embeddable":true,"href":"https:\/\/lametro989.com\/index.php?rest_route=\/wp\/v2\/media\/713"}],"wp:attachment":[{"href":"https:\/\/lametro989.com\/index.php?rest_route=%2Fwp%2Fv2%2Fmedia&parent=712"}],"wp:term":[{"taxonomy":"category","embeddable":true,"href":"https:\/\/lametro989.com\/index.php?rest_route=%2Fwp%2Fv2%2Fcategories&post=712"},{"taxonomy":"post_tag","embeddable":true,"href":"https:\/\/lametro989.com\/index.php?rest_route=%2Fwp%2Fv2%2Ftags&post=712"}],"curies":[{"name":"wp","href":"https:\/\/api.w.org\/{rel}","templated":true}]}}