{"id":715,"date":"2023-07-03T23:48:20","date_gmt":"2023-07-04T02:48:20","guid":{"rendered":"https:\/\/lametro989.com\/?p=715"},"modified":"2023-07-03T23:48:20","modified_gmt":"2023-07-04T02:48:20","slug":"familias-de-resistencia-y-barranqueras-accedieron-a-viviendas-dignas-construidas-por-el-gobierno","status":"publish","type":"post","link":"https:\/\/lametro989.com\/?p=715","title":{"rendered":"Familias de Resistencia y Barranqueras accedieron a viviendas dignas construidas por el gobierno"},"content":{"rendered":"\n<p>En una operatoria junto al Instituto de Agricultura Familiar y Econom\u00eda Popular (IAFEP), estas unidades generaron mano de obra y ahora garantizan el derecho a un techo digno.<\/p>\n\n\n\n<figure class=\"wp-block-image size-large\"><img loading=\"lazy\" decoding=\"async\" width=\"1024\" height=\"683\" src=\"https:\/\/lametro989.com\/wp-content\/uploads\/2023\/07\/imagen-36-1024x683.png\" alt=\"\" class=\"wp-image-716\" srcset=\"https:\/\/lametro989.com\/wp-content\/uploads\/2023\/07\/imagen-36-1024x683.png 1024w, https:\/\/lametro989.com\/wp-content\/uploads\/2023\/07\/imagen-36-300x200.png 300w, https:\/\/lametro989.com\/wp-content\/uploads\/2023\/07\/imagen-36-768x512.png 768w, https:\/\/lametro989.com\/wp-content\/uploads\/2023\/07\/imagen-36.png 1368w\" sizes=\"auto, (max-width: 1024px) 100vw, 1024px\" \/><\/figure>\n\n\n\n<p>El gobernador Jorge Capitanich entreg\u00f3 este lunes seis viviendas a familias de Resistencia y Barranqueras. \u201cTodas las semanas tenemos una agenda de m\u00faltiples inauguraciones. Lo nuestro es un trabajo permanente de ejecuci\u00f3n de acciones para seguir transformando la provincia\u201d, asegur\u00f3 el mandatario.<\/p>\n\n\n\n<p>Las unidades fueron construidas junto al Instituto de Agricultura Familiar y Econom\u00eda Popular (IAFEP), a cargo de Mauricio Andi\u00f3n, tambi\u00e9n presente en la entrega. Cuatro de las unidades habitacionales se encuentran en el barrio 8 de Enero, ubicado en la zona sur de Resistencia; una en el barrio Bettina V\u00e1zquez y la sexta en Barranqueras.&nbsp;<\/p>\n\n\n\n<p>&#8220;Se trata de una pol\u00edtica p\u00fablica de alt\u00edsimo impacto que tiene un efecto multiplicador, recupera la econom\u00eda de la construcci\u00f3n generando m\u00e1s de 30.000 puestos de trabajo en el sector\u201d, remarc\u00f3 Capitanich.<\/p>\n","protected":false},"excerpt":{"rendered":"<p>En una operatoria junto al Instituto de Agricultura Familiar y Econom\u00eda Popular (IAFEP), estas unidades generaron mano de obra y ahora garantizan el derecho a&hellip; <\/p>\n","protected":false},"author":2,"featured_media":716,"comment_status":"open","ping_status":"open","sticky":false,"template":"","format":"standard","meta":{"footnotes":""},"categories":[2],"tags":[],"class_list":["post-715","post","type-post","status-publish","format-standard","has-post-thumbnail","hentry","category-provinciales"],"_links":{"self":[{"href":"https:\/\/lametro989.com\/index.php?rest_route=\/wp\/v2\/posts\/715","targetHints":{"allow":["GET"]}}],"collection":[{"href":"https:\/\/lametro989.com\/index.php?rest_route=\/wp\/v2\/posts"}],"about":[{"href":"https:\/\/lametro989.com\/index.php?rest_route=\/wp\/v2\/types\/post"}],"author":[{"embeddable":true,"href":"https:\/\/lametro989.com\/index.php?rest_route=\/wp\/v2\/users\/2"}],"replies":[{"embeddable":true,"href":"https:\/\/lametro989.com\/index.php?rest_route=%2Fwp%2Fv2%2Fcomments&post=715"}],"version-history":[{"count":1,"href":"https:\/\/lametro989.com\/index.php?rest_route=\/wp\/v2\/posts\/715\/revisions"}],"predecessor-version":[{"id":717,"href":"https:\/\/lametro989.com\/index.php?rest_route=\/wp\/v2\/posts\/715\/revisions\/717"}],"wp:featuredmedia":[{"embeddable":true,"href":"https:\/\/lametro989.com\/index.php?rest_route=\/wp\/v2\/media\/716"}],"wp:attachment":[{"href":"https:\/\/lametro989.com\/index.php?rest_route=%2Fwp%2Fv2%2Fmedia&parent=715"}],"wp:term":[{"taxonomy":"category","embeddable":true,"href":"https:\/\/lametro989.com\/index.php?rest_route=%2Fwp%2Fv2%2Fcategories&post=715"},{"taxonomy":"post_tag","embeddable":true,"href":"https:\/\/lametro989.com\/index.php?rest_route=%2Fwp%2Fv2%2Ftags&post=715"}],"curies":[{"name":"wp","href":"https:\/\/api.w.org\/{rel}","templated":true}]}}