{"id":720,"date":"2023-07-04T21:12:05","date_gmt":"2023-07-05T00:12:05","guid":{"rendered":"https:\/\/lametro989.com\/?p=720"},"modified":"2023-07-04T21:12:05","modified_gmt":"2023-07-05T00:12:05","slug":"para-aldo-leiva-el-corte-de-boleta-se-corregira-y-los-votos-en-blanco-se-volcaran-al-frente-chaqueno","status":"publish","type":"post","link":"https:\/\/lametro989.com\/?p=720","title":{"rendered":"Para Aldo Leiva, el corte de boleta se corregir\u00e1 y los votos en blanco se volcar\u00e1n al Frente Chaque\u00f1o"},"content":{"rendered":"\n<p>El diputado nacional y precandidato a renovar su banca dijo que el peronismo revertir\u00e1 el resultado de las PASO y que Capitanich continuar\u00e1 siendo gobernador desde el 10 de diciembre pr\u00f3ximo. \u201cTenemos antecedentes: en 2021 hab\u00edamos perdido por 10 puntos las Primarias y pudimos ganar las generales\u201d, dijo. Pero marc\u00f3 la importancia de ajustar el trabajo de la campa\u00f1a.<\/p>\n\n\n\n<figure class=\"wp-block-image size-large\"><img loading=\"lazy\" decoding=\"async\" width=\"1024\" height=\"589\" src=\"https:\/\/lametro989.com\/wp-content\/uploads\/2023\/07\/imagen-37-1024x589.png\" alt=\"\" class=\"wp-image-721\" srcset=\"https:\/\/lametro989.com\/wp-content\/uploads\/2023\/07\/imagen-37-1024x589.png 1024w, https:\/\/lametro989.com\/wp-content\/uploads\/2023\/07\/imagen-37-300x173.png 300w, https:\/\/lametro989.com\/wp-content\/uploads\/2023\/07\/imagen-37-768x442.png 768w, https:\/\/lametro989.com\/wp-content\/uploads\/2023\/07\/imagen-37.png 1280w\" sizes=\"auto, (max-width: 1024px) 100vw, 1024px\" \/><\/figure>\n\n\n\n<p>El diputado nacional justicialista y precandidato a mantener una banca en la C\u00e1mara alta por la provincia, Aldo Leiva, asegur\u00f3 que el oficialismo chaque\u00f1o ya se focaliz\u00f3 en las elecciones generales del 17 de septiembre y que una serie de cuestiones se van a encauzar para \u201clograr revertir el resultado de las PASO\u201d.<\/p>\n\n\n\n<p>\u201cEl corte de boletas ha sido significativo en la categor\u00eda intendentes: nuestra fuerza sac\u00f3 m\u00e1s votos en esa categor\u00eda que la f\u00f3rmula de gobernador y vice, cuesti\u00f3n que se va a corregir de cara a las pr\u00f3ximas elecciones\u201d, afirm\u00f3 Leiva en una entrevista concedida al programa Desiguales que se emite por la TV P\u00fablica.<\/p>\n\n\n\n<p>\u201cTenemos antecedentes en el peronismo chaque\u00f1o: en las \u00faltimas elecciones de medio t\u00e9rmino nosotros hab\u00edamos perdido por 10 puntos las primarias y pudimos revertirlo, pudimos lograr ganar aquellas elecciones legislativas de 2021\u201d, argument\u00f3.<\/p>\n\n\n\n<p>El legislador justicialista analiz\u00f3 los resultados y destac\u00f3 la importancia de que Jorge Capitanich haya sido el candidato m\u00e1s votado en las Primarias aunque, tambi\u00e9n, marc\u00f3 la necesidad de ajustar el trabajo de campa\u00f1a de cara a las generales.<\/p>\n\n\n\n<p>\u201cCoqui sac\u00f3 algo as\u00ed como m\u00e1s de 70 mil votos de manera individual que el candidato que sali\u00f3 segundo y eso no es para nada un dato menor\u201d, insisti\u00f3.<\/p>\n\n\n\n<h3 class=\"wp-block-heading\">Condiciones at\u00edpicas<\/h3>\n\n\n\n<p>Al profundizar en su evaluaci\u00f3n de las PASO, Leiva apunt\u00f3 que esa jornada de votaci\u00f3n se dio en un marco de condiciones at\u00edpicas para la provincia que \u201cseguramente influyeron, por ejemplo, en una menor afluencia de electores y tambi\u00e9n en un elevado voto en blanco\u201d.<\/p>\n\n\n\n<p>\u201cCreemos que para la general va a votar, sin duda, alrededor del 75% o 77% del padr\u00f3n; y consideramos tambi\u00e9n que muchos de los votos en blanco se van a volcar hacia nuestra fuerza pol\u00edtica\u201d, agreg\u00f3.<\/p>\n\n\n\n<p>\u201cEstamos preparados para redoblar el esfuerzo y hacer que podamos seguir siendo gobierno en el Chaco\u201d, resalt\u00f3.<\/p>\n\n\n\n<p>A continuaci\u00f3n, el diputado nacional volvi\u00f3 a marcar como \u201cclave\u201d el corte de boletas en la categor\u00eda intendente que, dijo, se revertir\u00e1 para los comicios del pr\u00f3ximo 17 de septiembre.<\/p>\n\n\n\n<p>\u201cLa del 18 de junio fue una PASO con condiciones at\u00edpicas, pero ahora arranca una nueva etapa en que claramente hay que trabajar mucho, y nosotros de eso sabemos y estamos convencidos de que lo vamos a dar vuelta\u201d, enfatiz\u00f3.<\/p>\n\n\n\n<p>Leiva se\u00f1al\u00f3 que de cara a las generales \u201cel escenario es completamente distinto\u201d y que ser\u00e1 una elecci\u00f3n muy polarizada entre Capitanich y el macrismo que encarna Juntos por el Cambio.<\/p>\n\n\n\n<p>\u201cVan a jugar otros factores que tienen que ver con si la oposici\u00f3n logra verdaderamente alinear a todos los sectores o, por ejemplo, las elecciones de intendente en Resistencia que van a ser desdobladas\u201d, mencion\u00f3.<\/p>\n\n\n\n<p>\u201cConfiamos plenamente que Capitanich va a seguir siendo gobernador de todos los chaque\u00f1os; sabemos de su hombr\u00eda de bien, que recorre permanentemente todos los rincones de nuestra provincia y que ha generado obras a lo largo y ancho del territorio como nunca antes en la historia\u201d, finaliz\u00f3.<\/p>\n","protected":false},"excerpt":{"rendered":"<p>El diputado nacional y precandidato a renovar su banca dijo que el peronismo revertir\u00e1 el resultado de las PASO y que Capitanich continuar\u00e1 siendo gobernador&hellip; <\/p>\n","protected":false},"author":2,"featured_media":721,"comment_status":"open","ping_status":"open","sticky":false,"template":"","format":"standard","meta":{"footnotes":""},"categories":[9,2],"tags":[],"class_list":["post-720","post","type-post","status-publish","format-standard","has-post-thumbnail","hentry","category-destacadas","category-provinciales"],"_links":{"self":[{"href":"https:\/\/lametro989.com\/index.php?rest_route=\/wp\/v2\/posts\/720","targetHints":{"allow":["GET"]}}],"collection":[{"href":"https:\/\/lametro989.com\/index.php?rest_route=\/wp\/v2\/posts"}],"about":[{"href":"https:\/\/lametro989.com\/index.php?rest_route=\/wp\/v2\/types\/post"}],"author":[{"embeddable":true,"href":"https:\/\/lametro989.com\/index.php?rest_route=\/wp\/v2\/users\/2"}],"replies":[{"embeddable":true,"href":"https:\/\/lametro989.com\/index.php?rest_route=%2Fwp%2Fv2%2Fcomments&post=720"}],"version-history":[{"count":1,"href":"https:\/\/lametro989.com\/index.php?rest_route=\/wp\/v2\/posts\/720\/revisions"}],"predecessor-version":[{"id":722,"href":"https:\/\/lametro989.com\/index.php?rest_route=\/wp\/v2\/posts\/720\/revisions\/722"}],"wp:featuredmedia":[{"embeddable":true,"href":"https:\/\/lametro989.com\/index.php?rest_route=\/wp\/v2\/media\/721"}],"wp:attachment":[{"href":"https:\/\/lametro989.com\/index.php?rest_route=%2Fwp%2Fv2%2Fmedia&parent=720"}],"wp:term":[{"taxonomy":"category","embeddable":true,"href":"https:\/\/lametro989.com\/index.php?rest_route=%2Fwp%2Fv2%2Fcategories&post=720"},{"taxonomy":"post_tag","embeddable":true,"href":"https:\/\/lametro989.com\/index.php?rest_route=%2Fwp%2Fv2%2Ftags&post=720"}],"curies":[{"name":"wp","href":"https:\/\/api.w.org\/{rel}","templated":true}]}}