{"id":732,"date":"2023-07-04T21:40:47","date_gmt":"2023-07-05T00:40:47","guid":{"rendered":"https:\/\/lametro989.com\/?p=732"},"modified":"2023-07-04T21:40:47","modified_gmt":"2023-07-05T00:40:47","slug":"mirtha-vuelve-a-la-television-por-donde-se-podra-ver-a-la-diva","status":"publish","type":"post","link":"https:\/\/lametro989.com\/?p=732","title":{"rendered":"Mirtha vuelve a la televisi\u00f3n: por d\u00f3nde se podr\u00e1 ver a la diva"},"content":{"rendered":"\n<p>Cada vez que <strong>Mirtha Legrand <\/strong>acude a un evento, toma el micr\u00f3fono y dice unas palabras, ya sea cuando termina de ver una obra teatral, para felicitar a los actores, o durante una cena de gala, para dar alg\u00fan tipo de declaraci\u00f3n.<\/p>\n\n\n\n<figure class=\"wp-block-image size-full\"><img loading=\"lazy\" decoding=\"async\" width=\"610\" height=\"457\" src=\"https:\/\/lametro989.com\/wp-content\/uploads\/2023\/07\/imagen-41.png\" alt=\"\" class=\"wp-image-733\" srcset=\"https:\/\/lametro989.com\/wp-content\/uploads\/2023\/07\/imagen-41.png 610w, https:\/\/lametro989.com\/wp-content\/uploads\/2023\/07\/imagen-41-300x225.png 300w\" sizes=\"auto, (max-width: 610px) 100vw, 610px\" \/><\/figure>\n\n\n\n<p>En esta oportunidad, la diva de la televisi\u00f3n tom\u00f3 el micr\u00f3fono y, sin dar vueltas, habl\u00f3 sobre su regreso a la pantalla chica por un canal que, hasta el momento, no formaba parte de los dos con los que hab\u00eda iniciado las negociaciones su nieto y productor del programa, <strong>Nacho Viale<\/strong>.<\/p>\n\n\n\n<p><strong>El Trece y Am\u00e9rica<\/strong> eran las dos emisoras que se disputaban el regreso de Mirtha a la televisi\u00f3n, pero no lograban acordar con el nieto de la diva. Al parecer, en los \u00faltimos d\u00edas <strong>Telefe habr\u00eda comenzado a buscarla<\/strong> y a la conductora le habr\u00eda entusiasmado much\u00edsimo la idea porque nunca hab\u00eda formado parte de la programaci\u00f3n de ese canal con su ciclo de almuerzos.<\/p>\n\n\n\n<p><strong>\u201cEl que se ocupa de todo es mi nieto Nacho Viale. Mirtha vuelve y vuelve a Telefe. Es la primera vez que voy a trabajar en Telefe, merece un aplauso\u201d<\/strong>, dijo Mirtha, quien destac\u00f3 que tiene mucha necesidad de regresar con sus cl\u00e1sicos almuerzos: \u201cExtra\u00f1o much\u00edsimo, me encanta trabajar, me hace mucho bien\u201d.<\/p>\n\n\n\n<p>La diva tambi\u00e9n record\u00f3 lo mucho que le cost\u00f3 no estar activa durante lo que dur\u00f3 la pandemia por COVID 19: \u201cLo mal que me ha hecho la pandemia, no s\u00f3lo f\u00edsicamente, an\u00edmicamente. En la pandemia, un d\u00eda lo llam\u00e9 a Facundo Manes y le dije<strong> \u2018doctor, yo quiero volver a ser la Mirtha de antes\u2019\u201d.<\/strong><\/p>\n\n\n\n<p>Cabe recordar que la diva pudo volver y lo hizo por El Trece, con la ayuda de su nieta Juana Viale. Trabajaron los fines de semana, un d\u00eda cada una. Esta tarea le vali\u00f3 una nominaci\u00f3n al Mart\u00edn Fierro a Mirtha por Mejor Conducci\u00f3n Femenina, mientras que Juana competir\u00e1 el pr\u00f3ximo domingo en la categor\u00eda Mejor Programa de Inter\u00e9s General, por <em>Almorzando con Juana.<\/em><\/p>\n\n\n\n<p><\/p>\n","protected":false},"excerpt":{"rendered":"<p>Cada vez que Mirtha Legrand acude a un evento, toma el micr\u00f3fono y dice unas palabras, ya sea cuando termina de ver una obra teatral,&hellip; <\/p>\n","protected":false},"author":2,"featured_media":733,"comment_status":"open","ping_status":"open","sticky":false,"template":"","format":"standard","meta":{"footnotes":""},"categories":[13],"tags":[],"class_list":["post-732","post","type-post","status-publish","format-standard","has-post-thumbnail","hentry","category-nacionales"],"_links":{"self":[{"href":"https:\/\/lametro989.com\/index.php?rest_route=\/wp\/v2\/posts\/732","targetHints":{"allow":["GET"]}}],"collection":[{"href":"https:\/\/lametro989.com\/index.php?rest_route=\/wp\/v2\/posts"}],"about":[{"href":"https:\/\/lametro989.com\/index.php?rest_route=\/wp\/v2\/types\/post"}],"author":[{"embeddable":true,"href":"https:\/\/lametro989.com\/index.php?rest_route=\/wp\/v2\/users\/2"}],"replies":[{"embeddable":true,"href":"https:\/\/lametro989.com\/index.php?rest_route=%2Fwp%2Fv2%2Fcomments&post=732"}],"version-history":[{"count":1,"href":"https:\/\/lametro989.com\/index.php?rest_route=\/wp\/v2\/posts\/732\/revisions"}],"predecessor-version":[{"id":734,"href":"https:\/\/lametro989.com\/index.php?rest_route=\/wp\/v2\/posts\/732\/revisions\/734"}],"wp:featuredmedia":[{"embeddable":true,"href":"https:\/\/lametro989.com\/index.php?rest_route=\/wp\/v2\/media\/733"}],"wp:attachment":[{"href":"https:\/\/lametro989.com\/index.php?rest_route=%2Fwp%2Fv2%2Fmedia&parent=732"}],"wp:term":[{"taxonomy":"category","embeddable":true,"href":"https:\/\/lametro989.com\/index.php?rest_route=%2Fwp%2Fv2%2Fcategories&post=732"},{"taxonomy":"post_tag","embeddable":true,"href":"https:\/\/lametro989.com\/index.php?rest_route=%2Fwp%2Fv2%2Ftags&post=732"}],"curies":[{"name":"wp","href":"https:\/\/api.w.org\/{rel}","templated":true}]}}