{"id":735,"date":"2023-07-04T21:42:37","date_gmt":"2023-07-05T00:42:37","guid":{"rendered":"https:\/\/lametro989.com\/?p=735"},"modified":"2023-07-04T21:42:37","modified_gmt":"2023-07-05T00:42:37","slug":"no-naturalizar-los-sintomas-el-crucial-consejo-para-prevenir-el-sindrome-de-intestino-irritable","status":"publish","type":"post","link":"https:\/\/lametro989.com\/?p=735","title":{"rendered":"&#8220;No naturalizar los s\u00edntomas&#8221;, el crucial consejo para prevenir el S\u00edndrome de Intestino Irritable"},"content":{"rendered":"\n<p>En su tradicional columna de Salud dentro del programa &#8220;Encendidos en la tarde&#8221; emitido por Radio Mitre Resistencia 90.7, el Dr. Daniel L\u00f3pez Rosseti, hizo un repaso por aquellos s\u00edntomas que usualmente se presentan como alerta de un posible S\u00edndrome de Intestino Irritable pero que son ignorados como dolores comunes.<\/p>\n\n\n\n<figure class=\"wp-block-image size-full\"><img loading=\"lazy\" decoding=\"async\" width=\"696\" height=\"522\" src=\"https:\/\/lametro989.com\/wp-content\/uploads\/2023\/07\/imagen-42.png\" alt=\"\" class=\"wp-image-736\" srcset=\"https:\/\/lametro989.com\/wp-content\/uploads\/2023\/07\/imagen-42.png 696w, https:\/\/lametro989.com\/wp-content\/uploads\/2023\/07\/imagen-42-300x225.png 300w\" sizes=\"auto, (max-width: 696px) 100vw, 696px\" \/><\/figure>\n\n\n\n<p>El s\u00edndrome del intestino irritable es una condici\u00f3n que afecta el sistema digestivo y se caracteriza por s\u00edntomas como distensi\u00f3n abdominal, dolor, alteraciones en el tr\u00e1nsito intestinal y malestar general. No tiene una causa \u00fanica y puede estar asociado a otras enfermedades. Es importante buscar atenci\u00f3n m\u00e9dica si los s\u00edntomas persisten. No se deben naturalizar los s\u00edntomas.<\/p>\n\n\n\n<p>&#8220;Distensi\u00f3n abdominal, dolor abdominal, gases, tendencia a la alteraci\u00f3n de la evacuaci\u00f3n intestinal que puede ser por diarrea o por constipaci\u00f3n, puede variar en la misma persona, malestar general, pesadez despu\u00e9s de comer, puede haber n\u00e1useas, v\u00f3mitos, puede haber mejor\u00eda de la sintomatolog\u00eda despu\u00e9s de la defecaci\u00f3n, etc. Esto que describ\u00ed es la sintomatolog\u00eda amplia del s\u00edndrome de intestino irritable&#8221;, explic\u00f3 el m\u00e9dico que a lo largo de su alocuci\u00f3n remarc\u00f3 la necesidad de estar atentos y acudir a una consulta.<\/p>\n","protected":false},"excerpt":{"rendered":"<p>En su tradicional columna de Salud dentro del programa &#8220;Encendidos en la tarde&#8221; emitido por Radio Mitre Resistencia 90.7, el Dr. Daniel L\u00f3pez Rosseti, hizo&hellip; <\/p>\n","protected":false},"author":2,"featured_media":736,"comment_status":"open","ping_status":"open","sticky":false,"template":"","format":"standard","meta":{"footnotes":""},"categories":[13],"tags":[],"class_list":["post-735","post","type-post","status-publish","format-standard","has-post-thumbnail","hentry","category-nacionales"],"_links":{"self":[{"href":"https:\/\/lametro989.com\/index.php?rest_route=\/wp\/v2\/posts\/735","targetHints":{"allow":["GET"]}}],"collection":[{"href":"https:\/\/lametro989.com\/index.php?rest_route=\/wp\/v2\/posts"}],"about":[{"href":"https:\/\/lametro989.com\/index.php?rest_route=\/wp\/v2\/types\/post"}],"author":[{"embeddable":true,"href":"https:\/\/lametro989.com\/index.php?rest_route=\/wp\/v2\/users\/2"}],"replies":[{"embeddable":true,"href":"https:\/\/lametro989.com\/index.php?rest_route=%2Fwp%2Fv2%2Fcomments&post=735"}],"version-history":[{"count":1,"href":"https:\/\/lametro989.com\/index.php?rest_route=\/wp\/v2\/posts\/735\/revisions"}],"predecessor-version":[{"id":737,"href":"https:\/\/lametro989.com\/index.php?rest_route=\/wp\/v2\/posts\/735\/revisions\/737"}],"wp:featuredmedia":[{"embeddable":true,"href":"https:\/\/lametro989.com\/index.php?rest_route=\/wp\/v2\/media\/736"}],"wp:attachment":[{"href":"https:\/\/lametro989.com\/index.php?rest_route=%2Fwp%2Fv2%2Fmedia&parent=735"}],"wp:term":[{"taxonomy":"category","embeddable":true,"href":"https:\/\/lametro989.com\/index.php?rest_route=%2Fwp%2Fv2%2Fcategories&post=735"},{"taxonomy":"post_tag","embeddable":true,"href":"https:\/\/lametro989.com\/index.php?rest_route=%2Fwp%2Fv2%2Ftags&post=735"}],"curies":[{"name":"wp","href":"https:\/\/api.w.org\/{rel}","templated":true}]}}