{"id":738,"date":"2023-07-04T21:48:00","date_gmt":"2023-07-05T00:48:00","guid":{"rendered":"https:\/\/lametro989.com\/?p=738"},"modified":"2023-07-04T21:48:00","modified_gmt":"2023-07-05T00:48:00","slug":"el-gobierno-nacional-convoco-al-consejo-del-salario-para-acordar-un-nuevo-aumento","status":"publish","type":"post","link":"https:\/\/lametro989.com\/?p=738","title":{"rendered":"El Gobierno nacional convoc\u00f3 al Consejo del Salario para acordar un nuevo aumento"},"content":{"rendered":"\n<p>El Consejo de Salario M\u00ednimo, Vital y M\u00f3vil se reunir\u00e1 el pr\u00f3ximo jueves 13 de julio, a las 16hs, de manera virtual, inform\u00f3 el Ministerio de Trabajo de la Naci\u00f3n.\u00a0<\/p>\n\n\n\n<figure class=\"wp-block-image size-full\"><img loading=\"lazy\" decoding=\"async\" width=\"850\" height=\"566\" src=\"https:\/\/lametro989.com\/wp-content\/uploads\/2023\/07\/imagen-43.png\" alt=\"\" class=\"wp-image-739\" srcset=\"https:\/\/lametro989.com\/wp-content\/uploads\/2023\/07\/imagen-43.png 850w, https:\/\/lametro989.com\/wp-content\/uploads\/2023\/07\/imagen-43-300x200.png 300w, https:\/\/lametro989.com\/wp-content\/uploads\/2023\/07\/imagen-43-768x511.png 768w\" sizes=\"auto, (max-width: 850px) 100vw, 850px\" \/><\/figure>\n\n\n\n<p>El Gobierno nacional oficializ\u00f3 este martes la convocatoria del <strong>Consejo Nacional Empleo, Productividad y Salario M\u00ednimo, Vital y M\u00f3vil<\/strong> para el pr\u00f3ximo jueves 13 de julio, a fin de discutir un aumento del salario m\u00ednimo.<\/p>\n\n\n\n<p>La reuni\u00f3n se llevar\u00e1 a cabo desde las 16 horas de manera virtual y tendr\u00e1 una segunda sesi\u00f3n ordinaria para analizar las modificatorias media hora m\u00e1s tarde, seg\u00fan oficializ\u00f3 la cartera de Trabajo, Empleo y Seguridad Social que conduce Kelly Olmos.<\/p>\n\n\n\n<p>Cabe resaltar que desde Naci\u00f3n se busca, ya con las listas definidas de cara a las PASO, que el salario recupere algo de terreno frente a la inflaci\u00f3n, <strong>ya que, en los primeros meses del a\u00f1o, qued\u00f3 m\u00e1s de 20 puntos por debajo.<\/strong><\/p>\n\n\n\n<p>Ese mismo d\u00eda, y a la misma hora, el INDEC dar\u00e1 a conocer el dato de inflaci\u00f3n de junio, que, de acuerdo a lo anticipado por analistas, consultoras y funcionarios del Gobierno, podr\u00eda mostrar una leve desaceleraci\u00f3n respecto al mes de mayo, con la posibilidad incluso de perforar el 7% seg\u00fan las previsiones m\u00e1s optimistas.<\/p>\n\n\n\n<h2 class=\"wp-block-heading\"><strong>LA \u00daLTIMA REUNI\u00d3N&nbsp;<\/strong><\/h2>\n\n\n\n<p>La \u00faltima reuni\u00f3n entre el Consejo del Salario y las autoridades de la cartera de Trabajo tuvo lugar en marzo, cuando se acord\u00f3 con representantes gremiales y dirigentes empresarios un aumento del 26,6% para el salario m\u00ednimo.<ins><\/ins><\/p>\n\n\n\n<p>A su vez, se paut\u00f3 que esa suba sea abonada en tres cuotas, 15,6% en abril; 6% en mayo y finalmente, 5% en junio pasado. De esa manera,<strong> el salario m\u00ednimo pas\u00f3 de $ 69.500 en marzo a&nbsp; $ 87.987 en el sexto mes del a\u00f1o.<\/strong><\/p>\n","protected":false},"excerpt":{"rendered":"<p>El Consejo de Salario M\u00ednimo, Vital y M\u00f3vil se reunir\u00e1 el pr\u00f3ximo jueves 13 de julio, a las 16hs, de manera virtual, inform\u00f3 el Ministerio&hellip; <\/p>\n","protected":false},"author":2,"featured_media":739,"comment_status":"open","ping_status":"open","sticky":false,"template":"","format":"standard","meta":{"footnotes":""},"categories":[5],"tags":[],"class_list":["post-738","post","type-post","status-publish","format-standard","has-post-thumbnail","hentry","category-politica"],"_links":{"self":[{"href":"https:\/\/lametro989.com\/index.php?rest_route=\/wp\/v2\/posts\/738","targetHints":{"allow":["GET"]}}],"collection":[{"href":"https:\/\/lametro989.com\/index.php?rest_route=\/wp\/v2\/posts"}],"about":[{"href":"https:\/\/lametro989.com\/index.php?rest_route=\/wp\/v2\/types\/post"}],"author":[{"embeddable":true,"href":"https:\/\/lametro989.com\/index.php?rest_route=\/wp\/v2\/users\/2"}],"replies":[{"embeddable":true,"href":"https:\/\/lametro989.com\/index.php?rest_route=%2Fwp%2Fv2%2Fcomments&post=738"}],"version-history":[{"count":1,"href":"https:\/\/lametro989.com\/index.php?rest_route=\/wp\/v2\/posts\/738\/revisions"}],"predecessor-version":[{"id":740,"href":"https:\/\/lametro989.com\/index.php?rest_route=\/wp\/v2\/posts\/738\/revisions\/740"}],"wp:featuredmedia":[{"embeddable":true,"href":"https:\/\/lametro989.com\/index.php?rest_route=\/wp\/v2\/media\/739"}],"wp:attachment":[{"href":"https:\/\/lametro989.com\/index.php?rest_route=%2Fwp%2Fv2%2Fmedia&parent=738"}],"wp:term":[{"taxonomy":"category","embeddable":true,"href":"https:\/\/lametro989.com\/index.php?rest_route=%2Fwp%2Fv2%2Fcategories&post=738"},{"taxonomy":"post_tag","embeddable":true,"href":"https:\/\/lametro989.com\/index.php?rest_route=%2Fwp%2Fv2%2Ftags&post=738"}],"curies":[{"name":"wp","href":"https:\/\/api.w.org\/{rel}","templated":true}]}}