{"id":741,"date":"2023-07-04T21:56:15","date_gmt":"2023-07-05T00:56:15","guid":{"rendered":"https:\/\/lametro989.com\/?p=741"},"modified":"2023-07-04T21:56:15","modified_gmt":"2023-07-05T00:56:15","slug":"el-abogado-de-cesar-sena-declaro-que-no-esta-acreditado-que-cecilia-haya-fallecido","status":"publish","type":"post","link":"https:\/\/lametro989.com\/?p=741","title":{"rendered":"El abogado de C\u00e9sar Sena declar\u00f3 que &#8220;no est\u00e1 acreditado que Cecilia haya fallecido&#8221;"},"content":{"rendered":"\n<p>En su visita al canal <em>A24<\/em>, <strong>Ricardo Osuna<\/strong>, quien representa legalmente al hijo del matrimonio Sena, dio detalles acerca del estado de la causa, su relaci\u00f3n con C\u00e9sar Sena y con el resto de la familia, entre otras cosas.<\/p>\n\n\n\n<figure class=\"wp-block-image size-full\"><img loading=\"lazy\" decoding=\"async\" width=\"850\" height=\"567\" src=\"https:\/\/lametro989.com\/wp-content\/uploads\/2023\/07\/imagen-44.png\" alt=\"\" class=\"wp-image-742\" srcset=\"https:\/\/lametro989.com\/wp-content\/uploads\/2023\/07\/imagen-44.png 850w, https:\/\/lametro989.com\/wp-content\/uploads\/2023\/07\/imagen-44-300x200.png 300w, https:\/\/lametro989.com\/wp-content\/uploads\/2023\/07\/imagen-44-768x512.png 768w\" sizes=\"auto, (max-width: 850px) 100vw, 850px\" \/><\/figure>\n\n\n\n<p>Ante la consulta de c\u00f3mo lo ve a su defendido, Ozuna contest\u00f3: &#8220;Es algo que estoy tratando de descubrir. Estoy tratando de ver como es \u00e9l, m\u00e1s all\u00e1 de lo que me diga, <strong>de lo que tengo que defenderlo es de lo que diga el expediente<\/strong> y eso es lo que vengo manifestando desde el primer d\u00eda&#8221;.<\/p>\n\n\n\n<p>&#8220;Yo creo que, m\u00e1s all\u00e1 de esta conclusi\u00f3n que tiene la mayor\u00eda de las personas, creo que es al rev\u00e9s. La sit\u00faan a Cecilia en el lugar donde estaba C\u00e9sar y yo creo que es al rev\u00e9s. <strong>Por algo es siguen buscando y siguen tratando de determinar si Cecilia falleci\u00f3 o no<\/strong>&nbsp;, m\u00e1s all\u00e1 de todas las suposiciones de la gente&#8221;, expres\u00f3.<\/p>\n\n\n\n<p>De todas maneras, y al referirse de la car\u00e1tula de la causa, el abogado dej\u00f3 unos pol\u00e9micos dichos, expresando que <strong>&#8220;no est\u00e1 acreditado&#8221; que Cecilia est\u00e9 muerta<\/strong>&nbsp;. &#8220;Eso hasta el momento <strong>no me lo dijo mi defendido<\/strong> y lo vi solamente tres veces por un corto periodo de tiempo&#8221;, agreg\u00f3.<\/p>\n\n\n\n<p>Adem\u00e1s, agreg\u00f3 que no tiene contactos <strong>&#8220;ni con Emerenciano y ni con Marcela Acu\u00f1a&#8221;<\/strong>. &#8220;Solamente soy abogado de C\u00e9sar Sena&#8221;, expres\u00f3.<\/p>\n\n\n\n<p>Por \u00faltimo dijo que <strong>la familia Sena<\/strong> arm\u00f3 &#8220;uno de los primeros movimientos sociales de la ciudad de Resistencia&#8221;. Luego continu\u00f3: &#8220;Muchas veces han paralizado la ciudad estos piquetes y movilizaciones. Por ellos surgieron otros caudillos o piqueteros que armaron distintos movimientos sociales. <strong>No s\u00e9 d\u00f3nde le tienen tanto miedo, a ellos tambi\u00e9n los ajusticiaron si est\u00e1n presos<\/strong>&#8220;.<ins><\/ins><\/p>\n\n\n\n<p>Ante la consulta de este medio con el letrado y frente a los rumores que aseveraban la posibilidad estrat\u00e9gica de que C\u00e9sar Sena se autoperciba mujer, Ozuna respondi\u00f3 que es falso. &#8220;No existe nada de eso. Nada que ver&#8221;, expres\u00f3 categ\u00f3ricamente.&nbsp;<\/p>\n","protected":false},"excerpt":{"rendered":"<p>En su visita al canal A24, Ricardo Osuna, quien representa legalmente al hijo del matrimonio Sena, dio detalles acerca del estado de la causa, su&hellip; <\/p>\n","protected":false},"author":2,"featured_media":742,"comment_status":"open","ping_status":"open","sticky":false,"template":"","format":"standard","meta":{"footnotes":""},"categories":[5],"tags":[],"class_list":["post-741","post","type-post","status-publish","format-standard","has-post-thumbnail","hentry","category-politica"],"_links":{"self":[{"href":"https:\/\/lametro989.com\/index.php?rest_route=\/wp\/v2\/posts\/741","targetHints":{"allow":["GET"]}}],"collection":[{"href":"https:\/\/lametro989.com\/index.php?rest_route=\/wp\/v2\/posts"}],"about":[{"href":"https:\/\/lametro989.com\/index.php?rest_route=\/wp\/v2\/types\/post"}],"author":[{"embeddable":true,"href":"https:\/\/lametro989.com\/index.php?rest_route=\/wp\/v2\/users\/2"}],"replies":[{"embeddable":true,"href":"https:\/\/lametro989.com\/index.php?rest_route=%2Fwp%2Fv2%2Fcomments&post=741"}],"version-history":[{"count":1,"href":"https:\/\/lametro989.com\/index.php?rest_route=\/wp\/v2\/posts\/741\/revisions"}],"predecessor-version":[{"id":743,"href":"https:\/\/lametro989.com\/index.php?rest_route=\/wp\/v2\/posts\/741\/revisions\/743"}],"wp:featuredmedia":[{"embeddable":true,"href":"https:\/\/lametro989.com\/index.php?rest_route=\/wp\/v2\/media\/742"}],"wp:attachment":[{"href":"https:\/\/lametro989.com\/index.php?rest_route=%2Fwp%2Fv2%2Fmedia&parent=741"}],"wp:term":[{"taxonomy":"category","embeddable":true,"href":"https:\/\/lametro989.com\/index.php?rest_route=%2Fwp%2Fv2%2Fcategories&post=741"},{"taxonomy":"post_tag","embeddable":true,"href":"https:\/\/lametro989.com\/index.php?rest_route=%2Fwp%2Fv2%2Ftags&post=741"}],"curies":[{"name":"wp","href":"https:\/\/api.w.org\/{rel}","templated":true}]}}