{"id":750,"date":"2023-07-04T22:20:02","date_gmt":"2023-07-05T01:20:02","guid":{"rendered":"https:\/\/lametro989.com\/?p=750"},"modified":"2023-07-04T22:20:02","modified_gmt":"2023-07-05T01:20:02","slug":"la-legislatura-vuelve-a-sesionar-con-nueve-proyectos-en-el-orden-del-dia","status":"publish","type":"post","link":"https:\/\/lametro989.com\/?p=750","title":{"rendered":"La Legislatura vuelve a sesionar, con nueve proyectos en el Orden del D\u00eda"},"content":{"rendered":"\n<p>Diputadas y diputados de diversos espacios consensuaron abordar, este mi\u00e9rcoles, propuestas vinculadas a la Salud, la modificaci\u00f3n del Estatuto Docente y el ascenso post mortem para el personal policial.\u00a0<\/p>\n\n\n\n<figure class=\"wp-block-image size-large\"><img loading=\"lazy\" decoding=\"async\" width=\"1024\" height=\"682\" src=\"https:\/\/lametro989.com\/wp-content\/uploads\/2023\/07\/imagen-47-1024x682.png\" alt=\"\" class=\"wp-image-751\" srcset=\"https:\/\/lametro989.com\/wp-content\/uploads\/2023\/07\/imagen-47-1024x682.png 1024w, https:\/\/lametro989.com\/wp-content\/uploads\/2023\/07\/imagen-47-300x200.png 300w, https:\/\/lametro989.com\/wp-content\/uploads\/2023\/07\/imagen-47-768x512.png 768w, https:\/\/lametro989.com\/wp-content\/uploads\/2023\/07\/imagen-47-1536x1023.png 1536w, https:\/\/lametro989.com\/wp-content\/uploads\/2023\/07\/imagen-47.png 1600w\" sizes=\"auto, (max-width: 1024px) 100vw, 1024px\" \/><\/figure>\n\n\n\n<p>En la habitual reuni\u00f3n de Labor Parlamentaria, legisladoras y legisladores de distintos espacios pol\u00edticos acordaron la modificaci\u00f3n del orden del d\u00eda que abordar\u00e1n este mi\u00e9rcoles, en una nueva sesi\u00f3n ordinaria.&nbsp;<\/p>\n\n\n\n<p>Del encuentro participaron Hugo Sager y sus pares Tere Cubells, Paola Ben\u00edtez y Zulma Galeano; quienes coincidieron en tratar, en primer lugar, el proyecto de ley que propone instituir el&nbsp; 12 de abril como D\u00eda Provincial del S\u00edndrome de Gould. El objetivo es generar conciencia sobre la importancia del conocimiento y detecci\u00f3n temprana de esta enfermedad.<\/p>\n\n\n\n<p>Como segundo punto se incorpor\u00f3 una iniciativa de la presidenta, Elida Cuesta, que consiste en la modificaci\u00f3n a la Ley N\u00b0 178 \u2013 J del Personal Policial, que pretende incorporar el otorgamiento del \u201cascenso post mortem\u201d en el caso del personal policial que, \u201cen cualquier momento y lugar, aislado, subordinado o en ejercicio del mando, realice un acto heroico y perdiera la vida\u201d.<\/p>\n\n\n\n<p>Tambi\u00e9n el temario incluye una propuesta de ley del diputado Luis Obeid, con el que se pretende establecer la obligaci\u00f3n de exhibir carteles explicativos sobre c\u00f3mo efectuar la &#8220;maniobra de heimlich&#8221;.<\/p>\n\n\n\n<p>Las y los legisladores adem\u00e1s tratar\u00e1n el proyecto para instituir al 12 de mayo de cada a\u00f1o como &#8220;D\u00eda provincial de la concientizaci\u00f3n y reconocimiento de la fibromialgia&#8221;, con la finalidad de realizar campa\u00f1as de difusi\u00f3n de esta patolog\u00eda para la toma de conocimiento de la poblaci\u00f3n.<\/p>\n\n\n\n<p>Otra de las iniciativas que conforma el temario es una propuesta para establecer el d\u00eda 2 de mayo de cada a\u00f1o, como D\u00eda de la lucha contra el acoso escolar o bullying en el \u00e1mbito provincial.<\/p>\n\n\n\n<p>El punto sexto a tratar es una iniciativa de la diputada Zulma Galeano, para modificar el inciso d) del art\u00edculo 90- ley 647 e- Estatuto del docente- en lo que respecta a las condiciones para optar a los cargos de ascenso en los distintos grados del escalaf\u00f3n de las escuelas primarias, incorporando en el&nbsp; texto al cargo de \u201cVicedirector Titular de Escuelas de Educaci\u00f3n Primaria de primera categor\u00eda\u201d en igualdad de condiciones que el cargo de \u201cDirector Titular de Escuelas de Educaci\u00f3n Primaria de 2da categor\u00eda.\u201d<\/p>\n\n\n\n<p>Posteriormente se abordar\u00e1 la propuesta legislativa que tiene por objeto implementar la capacitaci\u00f3n obligatoria para personal docente y alumnos sobre t\u00e9cnicas de primeros auxilios; reanimaci\u00f3n cardiopulmonar (rcp) y desobstrucci\u00f3n de las v\u00edas a\u00e9reas (heimlich) en todos los niveles, primario, secundarios, terciarios y universitarios del Chaco.<\/p>\n\n\n\n<p>Luego, el Cuerpo Legislativo tratar\u00e1 el proyecto para instituir por ley&nbsp; el &#8220;D\u00eda de las personas con talla baja&#8221;, a celebrarse el 25 de octubre de cada a\u00f1o.<\/p>\n\n\n\n<p>Como \u00faltimo punto acordado, se encuentra el veto total a la sanci\u00f3n legislativa N\u00b0 3.130-R, por la cual se prorroga la vigencia de la ley N\u00b0 3.003-R, sancionada el 8 de mayo del a\u00f1o 2019, referente a la suspensi\u00f3n de reclamos fiscales y mandamientos en juicios de ejecuci\u00f3n de sentencia por emergencia agropecuaria, por el plazo de 180 d\u00edas.<\/p>\n","protected":false},"excerpt":{"rendered":"<p>Diputadas y diputados de diversos espacios consensuaron abordar, este mi\u00e9rcoles, propuestas vinculadas a la Salud, la modificaci\u00f3n del Estatuto Docente y el ascenso post mortem&hellip; <\/p>\n","protected":false},"author":2,"featured_media":751,"comment_status":"open","ping_status":"open","sticky":false,"template":"","format":"standard","meta":{"footnotes":""},"categories":[9,2],"tags":[],"class_list":["post-750","post","type-post","status-publish","format-standard","has-post-thumbnail","hentry","category-destacadas","category-provinciales"],"_links":{"self":[{"href":"https:\/\/lametro989.com\/index.php?rest_route=\/wp\/v2\/posts\/750","targetHints":{"allow":["GET"]}}],"collection":[{"href":"https:\/\/lametro989.com\/index.php?rest_route=\/wp\/v2\/posts"}],"about":[{"href":"https:\/\/lametro989.com\/index.php?rest_route=\/wp\/v2\/types\/post"}],"author":[{"embeddable":true,"href":"https:\/\/lametro989.com\/index.php?rest_route=\/wp\/v2\/users\/2"}],"replies":[{"embeddable":true,"href":"https:\/\/lametro989.com\/index.php?rest_route=%2Fwp%2Fv2%2Fcomments&post=750"}],"version-history":[{"count":1,"href":"https:\/\/lametro989.com\/index.php?rest_route=\/wp\/v2\/posts\/750\/revisions"}],"predecessor-version":[{"id":752,"href":"https:\/\/lametro989.com\/index.php?rest_route=\/wp\/v2\/posts\/750\/revisions\/752"}],"wp:featuredmedia":[{"embeddable":true,"href":"https:\/\/lametro989.com\/index.php?rest_route=\/wp\/v2\/media\/751"}],"wp:attachment":[{"href":"https:\/\/lametro989.com\/index.php?rest_route=%2Fwp%2Fv2%2Fmedia&parent=750"}],"wp:term":[{"taxonomy":"category","embeddable":true,"href":"https:\/\/lametro989.com\/index.php?rest_route=%2Fwp%2Fv2%2Fcategories&post=750"},{"taxonomy":"post_tag","embeddable":true,"href":"https:\/\/lametro989.com\/index.php?rest_route=%2Fwp%2Fv2%2Ftags&post=750"}],"curies":[{"name":"wp","href":"https:\/\/api.w.org\/{rel}","templated":true}]}}