{"id":756,"date":"2023-07-04T22:31:10","date_gmt":"2023-07-05T01:31:10","guid":{"rendered":"https:\/\/lametro989.com\/?p=756"},"modified":"2023-07-04T22:34:54","modified_gmt":"2023-07-05T01:34:54","slug":"eduardo-eurnekian-nuestros-politicos-han-demostrado-que-su-objetivo-es-la-permanencia-cronica-en-los-cargos","status":"publish","type":"post","link":"https:\/\/lametro989.com\/?p=756","title":{"rendered":"Eduardo Eurnekian: \u201cNuestros pol\u00edticos han demostrado que su objetivo es la permanencia cr\u00f3nica en los cargos\u201d"},"content":{"rendered":"\n<p>El presidente de Corporaci\u00f3n Am\u00e9rica cerr\u00f3 el Encuentro Anual para el Desarrollo del Comercio y los Servicios, que organiz\u00f3 la CAC, con un fuerte mensaje a la clase dirigente argentina. \u201cTenemos que exigir las reformas para un cambio que es urgente\u201d, dijo. <\/p>\n\n\n\n<figure class=\"wp-block-image size-large\"><img loading=\"lazy\" decoding=\"async\" width=\"1024\" height=\"505\" src=\"https:\/\/lametro989.com\/wp-content\/uploads\/2023\/07\/imagen-49-1024x505.png\" alt=\"\" class=\"wp-image-757\" srcset=\"https:\/\/lametro989.com\/wp-content\/uploads\/2023\/07\/imagen-49-1024x505.png 1024w, https:\/\/lametro989.com\/wp-content\/uploads\/2023\/07\/imagen-49-300x148.png 300w, https:\/\/lametro989.com\/wp-content\/uploads\/2023\/07\/imagen-49-768x379.png 768w, https:\/\/lametro989.com\/wp-content\/uploads\/2023\/07\/imagen-49.png 1256w\" sizes=\"auto, (max-width: 1024px) 100vw, 1024px\" \/><\/figure>\n\n\n\n<p><strong>Eduardo Eurnekian<\/strong>, presidente de Corporaci\u00f3n Am\u00e9rica, cerr\u00f3 este martes la 4\u00aa edici\u00f3n del Encuentro Anual para el Desarrollo del Comercio y los Servicios (CS23), que organiza la C\u00e1mara Argentina de Comercio y Servicios (CAC), entidad de la que el empresario es vicepresidente.<\/p>\n\n\n\n<p>Fue un discurso duro en el que el empresario puso foco en la clase pol\u00edtica argentina, a cuyos integrantes defini\u00f3 como \u201clos principales responsables de la cruda realidad actual\u201d. Tambi\u00e9n destac\u00f3 que hace cuatro a\u00f1os, en junio de 2019, cerr\u00f3 la primera edici\u00f3n del mismo evento. \u201cHabl\u00e9 en esa oportunidad de algunas dificultades que el pa\u00eds registraba. Pues hoy, esas dificultades permanecen vigentes. M\u00e1s a\u00fan: se han agravado\u201d, enfatiz\u00f3.<\/p>\n\n\n\n<p>\u201cLa dirigencia pol\u00edtica ha tomado durante muchos a\u00f1os las decisiones equivocadas que nos han llevado a las circunstancias en las que hoy nos encontramos. <strong>Nuestros pol\u00edticos han demostrado que su objetivo es la permanencia cr\u00f3nica en los cargos<\/strong>, no el de encontrar soluciones a los problemas a los que nos han conducido, y a generar oportunidades para hacer crecer nuestro potencial\u201d, afirm\u00f3 Eurnekian.<\/p>\n\n\n\n<p><img loading=\"lazy\" decoding=\"async\" alt=\"Mario Pergolini fue parte del evento \" class=\"\" src=\"https:\/\/www.infobae.com\/new-resizer\/NnTGLz2HUqvohdQm5zD66WrHwug=\/5520x3680\/filters:format(webp):quality(85)\/cloudfront-us-east-1.images.arcpublishing.com\/infobae\/Z7FSIG5UXNFZ7JW2WVAXYLPZYE.JPG\" srcset=\"https:\/\/www.infobae.com\/new-resizer\/cH0pjP3TA4WzyP3h2bMzmsvuIqY=\/420x280\/filters:format(webp):quality(85)\/cloudfront-us-east-1.images.arcpublishing.com\/infobae\/Z7FSIG5UXNFZ7JW2WVAXYLPZYE.JPG 420w,https:\/\/www.infobae.com\/new-resizer\/pLQHxO96cGur7bhNWAg8wpJNTRg=\/768x512\/filters:format(webp):quality(85)\/cloudfront-us-east-1.images.arcpublishing.com\/infobae\/Z7FSIG5UXNFZ7JW2WVAXYLPZYE.JPG 768w,https:\/\/www.infobae.com\/new-resizer\/Az_lzyFXgfyL_8hloFo4VgRGQp4=\/992x661\/filters:format(webp):quality(85)\/cloudfront-us-east-1.images.arcpublishing.com\/infobae\/Z7FSIG5UXNFZ7JW2WVAXYLPZYE.JPG 992w,https:\/\/www.infobae.com\/new-resizer\/1MtICA2SDe7w5FTBjDIZu1iqb-k=\/1200x800\/filters:format(webp):quality(85)\/cloudfront-us-east-1.images.arcpublishing.com\/infobae\/Z7FSIG5UXNFZ7JW2WVAXYLPZYE.JPG 1200w,https:\/\/www.infobae.com\/new-resizer\/JLJma5LC624Z2y7AhnKyf14abEY=\/1440x960\/filters:format(webp):quality(85)\/cloudfront-us-east-1.images.arcpublishing.com\/infobae\/Z7FSIG5UXNFZ7JW2WVAXYLPZYE.JPG 1440w\" width=\"5520\" height=\"3680\">Mario Pergolini fue parte del evento<\/p>\n\n\n\n<p>Y agreg\u00f3: \u201cSon consecuencia de esos errores los malos resultados econ\u00f3micos, la pobreza, la baja calidad de vida, la inseguridad, la mala calidad educativa. Tambi\u00e9n es consecuencia de esos desaciertos, que tantas organizaciones no gubernamentales ocupen cotidianamente lugares p\u00fablicos con sus protestas y reclamos. Ahora tenemos que exigirle a esa clase pol\u00edtica la correcci\u00f3n, las reformas y el acierto para un cambio que es urgente&#8230; Y que esperamos. Lo pedimos en\u00e9rgicamente\u201d.<\/p>\n\n\n\n<p>El titular del holding empresario -que entre otras empresas nuclea a Corporaci\u00f3n Am\u00e9rica Airports, due\u00f1a de AA2000, y la constructora Helport- enumer\u00f3 ocho condiciones que a\u00fan est\u00e1n pendientes de implementar. \u201cArgentina debe aprovechar este nuevorecambio constitucional para poner en marcha estos mecanismos\u201d, expres\u00f3.<\/p>\n\n\n\n<p><img loading=\"lazy\" decoding=\"async\" alt=\"El Encuentro Anual para el Desarrollo del Comercio y los Servicios (CS23) se llev\u00f3 a cabo en Parque Norte \" class=\"\" src=\"https:\/\/www.infobae.com\/new-resizer\/9b0UF2IHF_XXzsZRN6OImD1vPNk=\/5520x3680\/filters:format(webp):quality(85)\/cloudfront-us-east-1.images.arcpublishing.com\/infobae\/UK7XBN2DCNAETCVDGUZMXKI5AA.jpg\" srcset=\"https:\/\/www.infobae.com\/new-resizer\/6Au1-CWznscAm48EwP9-CaiM0Hs=\/420x280\/filters:format(webp):quality(85)\/cloudfront-us-east-1.images.arcpublishing.com\/infobae\/UK7XBN2DCNAETCVDGUZMXKI5AA.jpg 420w,https:\/\/www.infobae.com\/new-resizer\/bPSj_nN2uWatO7lJt3MHgsjsIEs=\/768x512\/filters:format(webp):quality(85)\/cloudfront-us-east-1.images.arcpublishing.com\/infobae\/UK7XBN2DCNAETCVDGUZMXKI5AA.jpg 768w,https:\/\/www.infobae.com\/new-resizer\/K6yGUmSTlRTxrCIcR1KlQxyoEXU=\/992x661\/filters:format(webp):quality(85)\/cloudfront-us-east-1.images.arcpublishing.com\/infobae\/UK7XBN2DCNAETCVDGUZMXKI5AA.jpg 992w,https:\/\/www.infobae.com\/new-resizer\/t9JE_2NTrgS0bq4uC1mnxcKnqIA=\/1200x800\/filters:format(webp):quality(85)\/cloudfront-us-east-1.images.arcpublishing.com\/infobae\/UK7XBN2DCNAETCVDGUZMXKI5AA.jpg 1200w,https:\/\/www.infobae.com\/new-resizer\/8hUTkI0t5WIb7Cc1mHH-W65Xotw=\/1440x960\/filters:format(webp):quality(85)\/cloudfront-us-east-1.images.arcpublishing.com\/infobae\/UK7XBN2DCNAETCVDGUZMXKI5AA.jpg 1440w\" width=\"5520\" height=\"3680\">El Encuentro Anual para el Desarrollo del Comercio y los Servicios (CS23) se llev\u00f3 a cabo en Parque Norte<\/p>\n\n\n\n<p>Las medidas reclamadas son:<\/p>\n\n\n\n<p>\u2013 \u201c<strong>Institucionalidad<\/strong> para garantizar el equilibrio entre lo p\u00fablico y lo privado;<\/p>\n\n\n\n<p>\u2013 <strong>Legalidad<\/strong> para asegurar la vigencia de los derechos y el cumplimiento de los contratos;<\/p>\n\n\n\n<p>\u2013 <strong>Vigencia de una democracia vigorosa y plena<\/strong>, liberada de distorsiones, que condicionan las decisiones y opiniones de muchos ciudadanos.<\/p>\n\n\n\n<p><img loading=\"lazy\" decoding=\"async\" alt=\"Mario Grinman, presidente de la CAC, Eduardo Eurnekian, y Carolina Barros, directora de Corporaci\u00f3n Am\u00e9rica\" class=\"\" src=\"https:\/\/www.infobae.com\/new-resizer\/iTVpRxUsbh6P_fDx_ui-cgPOhkA=\/1920x1080\/filters:format(webp):quality(85)\/cloudfront-us-east-1.images.arcpublishing.com\/infobae\/7NIPVTE4E5GKRCK6T6EAVFJIOY.jpg\" srcset=\"https:\/\/www.infobae.com\/new-resizer\/8QnynKOd1Axw-bVfL7o-Nn0oZSQ=\/420x236\/filters:format(webp):quality(85)\/cloudfront-us-east-1.images.arcpublishing.com\/infobae\/7NIPVTE4E5GKRCK6T6EAVFJIOY.jpg 420w,https:\/\/www.infobae.com\/new-resizer\/rPZSqsobs5T90JlMIZt9Zp-ZyUQ=\/768x432\/filters:format(webp):quality(85)\/cloudfront-us-east-1.images.arcpublishing.com\/infobae\/7NIPVTE4E5GKRCK6T6EAVFJIOY.jpg 768w,https:\/\/www.infobae.com\/new-resizer\/ScxlDokvOMUruudiqBuPEYQmMGk=\/992x558\/filters:format(webp):quality(85)\/cloudfront-us-east-1.images.arcpublishing.com\/infobae\/7NIPVTE4E5GKRCK6T6EAVFJIOY.jpg 992w,https:\/\/www.infobae.com\/new-resizer\/hYQrz6gglSC1J9YsMGOgFSb39-Y=\/1200x675\/filters:format(webp):quality(85)\/cloudfront-us-east-1.images.arcpublishing.com\/infobae\/7NIPVTE4E5GKRCK6T6EAVFJIOY.jpg 1200w,https:\/\/www.infobae.com\/new-resizer\/2VC2VXZap9YAl3Zs4mKV6CWCPHg=\/1440x810\/filters:format(webp):quality(85)\/cloudfront-us-east-1.images.arcpublishing.com\/infobae\/7NIPVTE4E5GKRCK6T6EAVFJIOY.jpg 1440w\" width=\"1920\" height=\"1080\">Mario Grinman, presidente de la CAC, Eduardo Eurnekian, y Carolina Barros, directora de Corporaci\u00f3n Am\u00e9rica<\/p>\n\n\n\n<p>\u2013 <strong>Orden macroecon\u00f3mico<\/strong> para permitir la estabilidad que incentiva la inversi\u00f3n y la producci\u00f3n;<\/p>\n\n\n\n<p>\u2013 <strong>Reformas en el sistema normativo y regulatorio<\/strong> para desburocratizarlo y alentar la autonom\u00eda virtuosa y creativa de personas, organizaciones y empresas;<\/p>\n\n\n\n<p>\u2013 <strong>Eficiencia del sector p\u00fablico en la provisi\u00f3n de sus servicios y bienes,<\/strong> para asistir al sector privado cuando crea riqueza;<\/p>\n\n\n\n<p>\u2013 <strong>Formaci\u00f3n adecuada de recursos humanos<\/strong> como mayor fuente de capacidad econ\u00f3mica;<\/p>\n\n\n\n<p>\u2013 <strong>Inserci\u00f3n internacional<\/strong> para lograr la convergencia con los avances tecnol\u00f3gicos y el desarrollo que el mundo tiene en marcha, tales como inteligencia artificial y otros\u201d.<\/p>\n\n\n\n<p>Eurnekian pidi\u00f3 tambi\u00e9n el compromiso de toda la Argentina para lograr una evoluci\u00f3n en los valores predominantes: \u201cLograr el premio por el trabajo bien hecho, el aliento a la inversi\u00f3n, los incentivos al crecimiento, la recompensa por las virtudes, el cumplimiento de las obligaciones de cada uno, el fomento del orden p\u00fablico\u201d.<\/p>\n\n\n\n<blockquote class=\"wp-block-quote is-layout-flow wp-block-quote-is-layout-flow\">\n<p>\u201cLa dirigencia pol\u00edtica ha tomado durante muchos a\u00f1os las decisiones equivocadas que nos han llevado a las circunstancias en las que hoy nos encontramos\u201d<\/p>\n<\/blockquote>\n\n\n\n<p><img loading=\"lazy\" decoding=\"async\" alt=\"Mart\u00edn Cabrales\" class=\"\" src=\"https:\/\/www.infobae.com\/new-resizer\/alcD8Nt7eWtDFKCcnDZ6-fSUgUw=\/3680x5520\/filters:format(webp):quality(85)\/cloudfront-us-east-1.images.arcpublishing.com\/infobae\/5CBLEADDTRFODCO2AROTHYWLL4.jpg\" srcset=\"https:\/\/www.infobae.com\/new-resizer\/haFnJLS3r2XB8erSAonWlxt-ltI=\/420x630\/filters:format(webp):quality(85)\/cloudfront-us-east-1.images.arcpublishing.com\/infobae\/5CBLEADDTRFODCO2AROTHYWLL4.jpg 420w,https:\/\/www.infobae.com\/new-resizer\/4Df5QqEozxvqsbjipj34yc3BE5Y=\/768x1152\/filters:format(webp):quality(85)\/cloudfront-us-east-1.images.arcpublishing.com\/infobae\/5CBLEADDTRFODCO2AROTHYWLL4.jpg 768w,https:\/\/www.infobae.com\/new-resizer\/BO4uxg5N_Vv7mQX0vRlNeBy_ntE=\/992x1488\/filters:format(webp):quality(85)\/cloudfront-us-east-1.images.arcpublishing.com\/infobae\/5CBLEADDTRFODCO2AROTHYWLL4.jpg 992w,https:\/\/www.infobae.com\/new-resizer\/wuhVEsyinqfqtnaKlRNcD7CIvoE=\/1200x1800\/filters:format(webp):quality(85)\/cloudfront-us-east-1.images.arcpublishing.com\/infobae\/5CBLEADDTRFODCO2AROTHYWLL4.jpg 1200w\" width=\"3680\" height=\"5520\">Mart\u00edn Cabrales<\/p>\n\n\n\n<p>\u201cLos pa\u00edses que tienen \u00e9xito dependen del aporte de quienes los conducen, es decir, de su estructura pol\u00edtica. Es el espacio que los ciudadanos le hemos dado para hacernos progresar. La evoluci\u00f3n necesita que nuestro pa\u00eds, detenido en el presente y el pasado, mire el futuro y se dirija hacia \u00e9l. Que supere disputas ef\u00edmeras y encuentre soportes comunes. Que construya confianza entre todos y comprenda las causas verdaderas del progreso. Aquellas que la experiencia muestra que han funcionado en pa\u00edses que se han desarrollado\u201d, complet\u00f3 el empresario.<\/p>\n\n\n\n<p>La C\u00e1mara de Comercio defini\u00f3 al CS23 como una jornada para analizar la conexi\u00f3n emocional y su impacto en el desarrollo del comercio y los servicios; el alto rendimiento para un desarrollo sostenible e integral; y una mirada hol\u00edstica para el desarrollo de nuestras empresas y c\u00e1maras.<\/p>\n","protected":false},"excerpt":{"rendered":"<p>El presidente de Corporaci\u00f3n Am\u00e9rica cerr\u00f3 el Encuentro Anual para el Desarrollo del Comercio y los Servicios, que organiz\u00f3 la CAC, con un fuerte mensaje&hellip; <\/p>\n","protected":false},"author":2,"featured_media":757,"comment_status":"open","ping_status":"open","sticky":false,"template":"","format":"standard","meta":{"footnotes":""},"categories":[5],"tags":[],"class_list":["post-756","post","type-post","status-publish","format-standard","has-post-thumbnail","hentry","category-politica"],"_links":{"self":[{"href":"https:\/\/lametro989.com\/index.php?rest_route=\/wp\/v2\/posts\/756","targetHints":{"allow":["GET"]}}],"collection":[{"href":"https:\/\/lametro989.com\/index.php?rest_route=\/wp\/v2\/posts"}],"about":[{"href":"https:\/\/lametro989.com\/index.php?rest_route=\/wp\/v2\/types\/post"}],"author":[{"embeddable":true,"href":"https:\/\/lametro989.com\/index.php?rest_route=\/wp\/v2\/users\/2"}],"replies":[{"embeddable":true,"href":"https:\/\/lametro989.com\/index.php?rest_route=%2Fwp%2Fv2%2Fcomments&post=756"}],"version-history":[{"count":2,"href":"https:\/\/lametro989.com\/index.php?rest_route=\/wp\/v2\/posts\/756\/revisions"}],"predecessor-version":[{"id":760,"href":"https:\/\/lametro989.com\/index.php?rest_route=\/wp\/v2\/posts\/756\/revisions\/760"}],"wp:featuredmedia":[{"embeddable":true,"href":"https:\/\/lametro989.com\/index.php?rest_route=\/wp\/v2\/media\/757"}],"wp:attachment":[{"href":"https:\/\/lametro989.com\/index.php?rest_route=%2Fwp%2Fv2%2Fmedia&parent=756"}],"wp:term":[{"taxonomy":"category","embeddable":true,"href":"https:\/\/lametro989.com\/index.php?rest_route=%2Fwp%2Fv2%2Fcategories&post=756"},{"taxonomy":"post_tag","embeddable":true,"href":"https:\/\/lametro989.com\/index.php?rest_route=%2Fwp%2Fv2%2Ftags&post=756"}],"curies":[{"name":"wp","href":"https:\/\/api.w.org\/{rel}","templated":true}]}}