{"id":761,"date":"2023-07-05T12:47:05","date_gmt":"2023-07-05T15:47:05","guid":{"rendered":"https:\/\/lametro989.com\/?p=761"},"modified":"2023-07-05T12:47:05","modified_gmt":"2023-07-05T15:47:05","slug":"lucas-leguiza-el-chaqueno-campeon-de-los-parapanamericanos-juveniles-que-ahora-apunta-a-consagrarse-en-mayores","status":"publish","type":"post","link":"https:\/\/lametro989.com\/?p=761","title":{"rendered":"Lucas Leguiza, el chaque\u00f1o campe\u00f3n de los Parapanamericanos Juveniles que ahora apunta a consagrarse en Mayores"},"content":{"rendered":"\n<p>Con tan s\u00f3lo 15 a\u00f1os, Lucas Leguiza logr\u00f3 conseguir el primer lugar en los Juegos Parapanamericanos Juveniles en la especialidad \u201c100 metros mariposa\u201d de nataci\u00f3n, algo que lo llena de sue\u00f1os y esperanzas de cara al camino que viene, donde ya tiene puesto el ojo en los pr\u00f3ximos Parapanamericanos de este a\u00f1o, aunque en la categor\u00eda\u00a0<strong>Mayores<\/strong>.<\/p>\n\n\n\n<figure class=\"wp-block-image size-full\"><img loading=\"lazy\" decoding=\"async\" width=\"696\" height=\"396\" src=\"https:\/\/lametro989.com\/wp-content\/uploads\/2023\/07\/image.png\" alt=\"\" class=\"wp-image-762\" srcset=\"https:\/\/lametro989.com\/wp-content\/uploads\/2023\/07\/image.png 696w, https:\/\/lametro989.com\/wp-content\/uploads\/2023\/07\/image-300x171.png 300w\" sizes=\"auto, (max-width: 696px) 100vw, 696px\" \/><\/figure>\n\n\n\n<p>En comunicaci\u00f3n con Chaco TV, el joven chaque\u00f1o cont\u00f3 que la experiencia vivida en Bogot\u00e1 durante los Juegos fue algo \u201cmuy lindo\u201d ya que esta fue la primera que tuvo con la selecci\u00f3n Argentina, aunque mientras traza sus proyectos, s\u00f3lo queda imaginar un camino de superaci\u00f3n para seguir representando la insignia nacional.<\/p>\n\n\n\n<p>\u201c<strong>Ahora me estoy preparando para ir a los Parapanamericanos de Chile de mayores, que se hace en noviembre<\/strong>. En agosto tengo un Open y despu\u00e9s regionales\u201d, cont\u00f3 sobre la proyecci\u00f3n de lo que se viene, y adelant\u00f3 que de cara a ello \u201ctenemos pensado bajar las marcas para ir a los Juegos, que es a lo que todo deportista aspira y no estamos lejos, pero tampoco cerca\u201d.&nbsp;<\/p>\n\n\n\n<p>En el repaso de sus inicios, Leguiza recuerda que \u201ccuando empec\u00e9 a competir no me gustaba mucho\u201d, sin embargo, hoy esto tom\u00f3 una gran relevancia en su vida: \u201cEs un trabajo de todos los d\u00edas, entreno de lunes a s\u00e1bado, los martes y jueves en doble turno a las 5:30 hasta las 7, de ah\u00ed me voy al colegio. Tambi\u00e9n hago tres sesiones de gimnasio a la semana\u201d.<\/p>\n\n\n\n<p>Si bien su primer contacto con una pileta se dio alrededor de los 4 a\u00f1os por pedido de su m\u00e9dico, seg\u00fan lo recuerda, luego logr\u00f3 insertarse r\u00e1pidamente en el plano competitivo. \u201cEmpec\u00e9 como algo recreativo y despu\u00e9s compet\u00ed en regionales con chicos convencionales, y ya en 2019 fui a mi primer Torneo Nacional, segu\u00ed con un Open, que es de mayor nivel, y ahora sigo en regionales contra chicos convencionales\u201d, explic\u00f3.<\/p>\n\n\n\n<p>Para lo logrado en todo este camino y lo que tiene en mente, resalta que \u201ces un trabajo diario, de torneos malos, buenos, y todo tiene su fruto\u201d, y sostiene que \u201ca pesar de ser un deporte individual, tiene mucho que ver el grupo, el acompa\u00f1amiento, el entrenador, todo el equipo\u201d. \u201cHay muchas cosas que hay que pasar para llegar, pero sacando todo, lo importante es nunca aflojar\u201d, sostiene.&nbsp;<\/p>\n","protected":false},"excerpt":{"rendered":"<p>Con tan s\u00f3lo 15 a\u00f1os, Lucas Leguiza logr\u00f3 conseguir el primer lugar en los Juegos Parapanamericanos Juveniles en la especialidad \u201c100 metros mariposa\u201d de nataci\u00f3n,&hellip; <\/p>\n","protected":false},"author":2,"featured_media":762,"comment_status":"open","ping_status":"open","sticky":false,"template":"","format":"standard","meta":{"footnotes":""},"categories":[2],"tags":[],"class_list":["post-761","post","type-post","status-publish","format-standard","has-post-thumbnail","hentry","category-provinciales"],"_links":{"self":[{"href":"https:\/\/lametro989.com\/index.php?rest_route=\/wp\/v2\/posts\/761","targetHints":{"allow":["GET"]}}],"collection":[{"href":"https:\/\/lametro989.com\/index.php?rest_route=\/wp\/v2\/posts"}],"about":[{"href":"https:\/\/lametro989.com\/index.php?rest_route=\/wp\/v2\/types\/post"}],"author":[{"embeddable":true,"href":"https:\/\/lametro989.com\/index.php?rest_route=\/wp\/v2\/users\/2"}],"replies":[{"embeddable":true,"href":"https:\/\/lametro989.com\/index.php?rest_route=%2Fwp%2Fv2%2Fcomments&post=761"}],"version-history":[{"count":1,"href":"https:\/\/lametro989.com\/index.php?rest_route=\/wp\/v2\/posts\/761\/revisions"}],"predecessor-version":[{"id":763,"href":"https:\/\/lametro989.com\/index.php?rest_route=\/wp\/v2\/posts\/761\/revisions\/763"}],"wp:featuredmedia":[{"embeddable":true,"href":"https:\/\/lametro989.com\/index.php?rest_route=\/wp\/v2\/media\/762"}],"wp:attachment":[{"href":"https:\/\/lametro989.com\/index.php?rest_route=%2Fwp%2Fv2%2Fmedia&parent=761"}],"wp:term":[{"taxonomy":"category","embeddable":true,"href":"https:\/\/lametro989.com\/index.php?rest_route=%2Fwp%2Fv2%2Fcategories&post=761"},{"taxonomy":"post_tag","embeddable":true,"href":"https:\/\/lametro989.com\/index.php?rest_route=%2Fwp%2Fv2%2Ftags&post=761"}],"curies":[{"name":"wp","href":"https:\/\/api.w.org\/{rel}","templated":true}]}}