{"id":764,"date":"2023-07-05T13:01:39","date_gmt":"2023-07-05T16:01:39","guid":{"rendered":"https:\/\/lametro989.com\/?p=764"},"modified":"2023-07-05T23:56:44","modified_gmt":"2023-07-06T02:56:44","slug":"julio-otro-importante-mes-electoral-santa-fe-y-chubut-tendran-sus-comicios-provinciales","status":"publish","type":"post","link":"https:\/\/lametro989.com\/?p=764","title":{"rendered":"Julio, otro importante mes electoral: Santa Fe y Chubut tendr\u00e1n sus comicios provinciales"},"content":{"rendered":"\n<p>La provincia gobernada actualmente por Omar Perotti tendr\u00e1 sus PASO el domingo 16 de julio. En tanto, Chubut disputar\u00e1 sus elecciones generales a fin de mes. \u00a0<\/p>\n\n\n\n<figure class=\"wp-block-image size-full\"><img loading=\"lazy\" decoding=\"async\" width=\"850\" height=\"548\" src=\"https:\/\/lametro989.com\/wp-content\/uploads\/2023\/07\/image-1.png\" alt=\"\" class=\"wp-image-765\" srcset=\"https:\/\/lametro989.com\/wp-content\/uploads\/2023\/07\/image-1.png 850w, https:\/\/lametro989.com\/wp-content\/uploads\/2023\/07\/image-1-300x193.png 300w, https:\/\/lametro989.com\/wp-content\/uploads\/2023\/07\/image-1-768x495.png 768w\" sizes=\"auto, (max-width: 850px) 100vw, 850px\" \/><\/figure>\n\n\n\n<p>Este mes de julio, las contiendas electorales provinciales contin\u00faan y<strong>\u00a0Santa Fe y Chubut<\/strong>\u00a0ser\u00e1n dos distritos donde los ojos de los pol\u00edticos estar\u00e1n puestos.<\/p>\n\n\n\n<p>En primer lugar,&nbsp;<strong>Santa Fe tendr\u00e1 sus comicios PASO<\/strong>&nbsp;el pr\u00f3ximo domingo&nbsp;<strong>16 de julio<\/strong>. All\u00ed se elegir\u00e1 por&nbsp;<strong>Gobernador y Vicegobernador, 19 senadores y 50 diputados provinciales<\/strong>. Adem\u00e1s,&nbsp;<strong>46 localidades elegir\u00e1n intendentes y se votar\u00e1 por 60 concejales.<\/strong><\/p>\n\n\n\n<p>El foco estar\u00e1 puesto en el<strong>\u00a0oficialismo<\/strong>\u00a0de\u00a0<strong>Omar Perotti<\/strong>\u00a0quien no se presentar\u00e1 para un segundo mandato pero s\u00ed mostr\u00f3 su apoyo a la f\u00f3rmula de<strong>\u00a0Marcelo Lewandoski<\/strong>, actual senador y a su compa\u00f1era de f\u00f3rmula,\u00a0<strong>Silvina Patricia Frana<\/strong>, que se desempe\u00f1a desde el 2019 como ministra de Infraestructura, Servicios P\u00fablicos y H\u00e1bitat.\u00a0<\/p>\n\n\n\n<p>En&nbsp;<strong>Juntos por el Cambio<\/strong>, la principal competidora es la senadora<strong>&nbsp;Carolina Losada<\/strong>&nbsp;y que va acompa\u00f1ada por el diputado nacional,&nbsp;<strong>Federico Angelini.&nbsp;<\/strong><\/p>\n\n\n\n<p>Otros espacios que tambi\u00e9n disputar\u00e1n la elecci\u00f3n provincial son:&nbsp;<strong>La Libertad Avanza, el Frente de Izquierda y de los Trabajadores-Unidad, la Coalici\u00f3n C\u00edvica y Escucharte.<\/strong><\/p>\n\n\n\n<p>Por otro lado a fin de mes,&nbsp;<strong>Chubut tendr\u00e1 sus elecciones generales el 30 de julio<\/strong>. En el distrito se elegir\u00e1 por&nbsp;<strong>Gobernador y Vicegobernador, 27 diputados provinciales y 1 miembro del Consejo de la Magistratura<\/strong>&nbsp;representante de las circunscripciones judiciales de Comodoro Rivadavia, Puerto Madryn y Sarmiento. Tambi\u00e9n se votar\u00e1 por intendentes y concejales de municipios.&nbsp;<ins><\/ins><\/p>\n\n\n\n<p>En la contienda de Chubut se buscar\u00e1&nbsp;<strong>elegir al sucesor de Mariano Arcioni.<\/strong><strong>Juan Pablo Luque,<\/strong>&nbsp;actual intendente de Comodoro Rivadavia, ser\u00e1 el candidato impulsado por&nbsp;<strong>Arriba Chubut<\/strong>&nbsp;y va acompa\u00f1ado por el actual vicegobernador,&nbsp;<strong>Ricardo Sastre.<\/strong>&nbsp;<\/p>\n\n\n\n<p>En tanto,&nbsp;<strong>Juntos por el Cambio<\/strong>&nbsp;impulsa la candidatura del senador&nbsp;<strong>Ignacio Agust\u00edn Torres<\/strong>&nbsp;y&nbsp;<strong>Gustavo Menna,<\/strong>&nbsp;diputado nacional, como candidato a vice.&nbsp;<\/p>\n\n\n\n<p><strong>La Libertad Avanza, el Frente de Izquierda y de los Trabajadores-Unidad y el GEN-POLO Social<\/strong>, los dem\u00e1s frentes que tambi\u00e9n competir\u00e1n.&nbsp;<\/p>\n\n\n\n<p>Es importante destacar que Santa Fe representa un 8,06% del padr\u00f3n electoral nacional y Chubut el 1,31%.<\/p>\n","protected":false},"excerpt":{"rendered":"<p>La provincia gobernada actualmente por Omar Perotti tendr\u00e1 sus PASO el domingo 16 de julio. En tanto, Chubut disputar\u00e1 sus elecciones generales a fin de&hellip; <\/p>\n","protected":false},"author":2,"featured_media":765,"comment_status":"open","ping_status":"open","sticky":false,"template":"","format":"standard","meta":{"footnotes":""},"categories":[9,13],"tags":[],"class_list":["post-764","post","type-post","status-publish","format-standard","has-post-thumbnail","hentry","category-destacadas","category-nacionales"],"_links":{"self":[{"href":"https:\/\/lametro989.com\/index.php?rest_route=\/wp\/v2\/posts\/764","targetHints":{"allow":["GET"]}}],"collection":[{"href":"https:\/\/lametro989.com\/index.php?rest_route=\/wp\/v2\/posts"}],"about":[{"href":"https:\/\/lametro989.com\/index.php?rest_route=\/wp\/v2\/types\/post"}],"author":[{"embeddable":true,"href":"https:\/\/lametro989.com\/index.php?rest_route=\/wp\/v2\/users\/2"}],"replies":[{"embeddable":true,"href":"https:\/\/lametro989.com\/index.php?rest_route=%2Fwp%2Fv2%2Fcomments&post=764"}],"version-history":[{"count":1,"href":"https:\/\/lametro989.com\/index.php?rest_route=\/wp\/v2\/posts\/764\/revisions"}],"predecessor-version":[{"id":766,"href":"https:\/\/lametro989.com\/index.php?rest_route=\/wp\/v2\/posts\/764\/revisions\/766"}],"wp:featuredmedia":[{"embeddable":true,"href":"https:\/\/lametro989.com\/index.php?rest_route=\/wp\/v2\/media\/765"}],"wp:attachment":[{"href":"https:\/\/lametro989.com\/index.php?rest_route=%2Fwp%2Fv2%2Fmedia&parent=764"}],"wp:term":[{"taxonomy":"category","embeddable":true,"href":"https:\/\/lametro989.com\/index.php?rest_route=%2Fwp%2Fv2%2Fcategories&post=764"},{"taxonomy":"post_tag","embeddable":true,"href":"https:\/\/lametro989.com\/index.php?rest_route=%2Fwp%2Fv2%2Ftags&post=764"}],"curies":[{"name":"wp","href":"https:\/\/api.w.org\/{rel}","templated":true}]}}