{"id":767,"date":"2023-07-05T13:06:19","date_gmt":"2023-07-05T16:06:19","guid":{"rendered":"https:\/\/lametro989.com\/?p=767"},"modified":"2023-07-05T13:06:19","modified_gmt":"2023-07-05T16:06:19","slug":"mas-familias-de-la-zona-sur-de-resistencia-cumplen-el-sueno-de-la-casa-propia","status":"publish","type":"post","link":"https:\/\/lametro989.com\/?p=767","title":{"rendered":"M\u00e1s familias de la zona sur de Resistencia cumplen el sue\u00f1o de la casa propia"},"content":{"rendered":"\n<p>Las unidades habitacionales adjudicadas forman parte del programa de 4.000 viviendas entregadas, a entregar y en ejecuci\u00f3n durante el transcurso de este a\u00f1o 2023. \u201cLa vivienda digna es una condici\u00f3n necesaria para mejorar la calidad de vida de nuestra comunidad\u201d, dijo el gobernador.<\/p>\n\n\n\n<figure class=\"wp-block-image size-full\"><img loading=\"lazy\" decoding=\"async\" width=\"1024\" height=\"683\" src=\"https:\/\/lametro989.com\/wp-content\/uploads\/2023\/07\/image-2.png\" alt=\"\" class=\"wp-image-768\" srcset=\"https:\/\/lametro989.com\/wp-content\/uploads\/2023\/07\/image-2.png 1024w, https:\/\/lametro989.com\/wp-content\/uploads\/2023\/07\/image-2-300x200.png 300w, https:\/\/lametro989.com\/wp-content\/uploads\/2023\/07\/image-2-768x512.png 768w\" sizes=\"auto, (max-width: 1024px) 100vw, 1024px\" \/><\/figure>\n\n\n\n<p>El gobernador Jorge Capitanich adjudic\u00f3 este mi\u00e9rcoles 5 nuevas viviendas sociales en la zona sur de Resistencia. Las unidades habitacionales son construidas a trav\u00e9s del Instituto de Agricultura Familiar y Econom\u00eda Popular (IAFEP).<\/p>\n\n\n\n<p>El gobernador Capitanich explic\u00f3 que las unidades habitacionales adjudicadas forman parte del programa de 4.000 viviendas entregadas, a entregar y en ejecuci\u00f3n durante el transcurso de este a\u00f1o 2023.<\/p>\n\n\n\n<p>\u201cLa vivienda digna es una condici\u00f3n necesaria para mejorar la calidad de vida de nuestra comunidad\u201d, dijo el gobernador.<\/p>\n\n\n\n<p>Capitanich destac\u00f3 la importancia de la construcci\u00f3n de viviendas sociales por su efecto multiplicador en la econom\u00eda, garantizando que m\u00e1s familias chaque\u00f1as puedan cumplir el sue\u00f1o de la casa propia, promoviendo a la vez el empleo a trav\u00e9s de organizaciones sociales o cooperativas de trabajo.<\/p>\n\n\n\n<figure class=\"wp-block-image\"><img decoding=\"async\" src=\"https:\/\/agenciafoco.com.ar\/media\/cache\/quality\/uploads\/noticias\/64a5828e53b9f172228498.jpg\" alt=\"\"\/><\/figure>\n\n\n\n<p>Particip\u00f3 del acto de entrega de las viviendas el&nbsp;presidente del Instituto de Agricultura Familiar y Econom\u00eda Popular (IAFEP), Mauro Andi\u00f3n.<\/p>\n\n\n\n<p>El programa de ejecuci\u00f3n de viviendas sociales que el Gobierno Provincial, lleva adelante a trav\u00e9s del IAFEP, forma parte de un modelo virtuoso, donde de manera simult\u00e1nea representa el ejercicio de dos derechos fundamentales: el acceso a una vivienda digna y al trabajo.\u201cEso representa el ejercicio de dos derechos de forma simult\u00e1nea, el derecho al trabajo y progreso social, por un lado y el derecho a la vivienda digna, por el otro\u201d, remarc\u00f3 Capitanich.&nbsp;<\/p>\n\n\n\n<figure class=\"wp-block-image\"><img decoding=\"async\" src=\"https:\/\/agenciafoco.com.ar\/media\/cache\/quality\/uploads\/noticias\/64a5828e54600872293784.jpg\" alt=\"\"\/><\/figure>\n","protected":false},"excerpt":{"rendered":"<p>Las unidades habitacionales adjudicadas forman parte del programa de 4.000 viviendas entregadas, a entregar y en ejecuci\u00f3n durante el transcurso de este a\u00f1o 2023. \u201cLa&hellip; <\/p>\n","protected":false},"author":2,"featured_media":768,"comment_status":"open","ping_status":"open","sticky":false,"template":"","format":"standard","meta":{"footnotes":""},"categories":[9,2],"tags":[],"class_list":["post-767","post","type-post","status-publish","format-standard","has-post-thumbnail","hentry","category-destacadas","category-provinciales"],"_links":{"self":[{"href":"https:\/\/lametro989.com\/index.php?rest_route=\/wp\/v2\/posts\/767","targetHints":{"allow":["GET"]}}],"collection":[{"href":"https:\/\/lametro989.com\/index.php?rest_route=\/wp\/v2\/posts"}],"about":[{"href":"https:\/\/lametro989.com\/index.php?rest_route=\/wp\/v2\/types\/post"}],"author":[{"embeddable":true,"href":"https:\/\/lametro989.com\/index.php?rest_route=\/wp\/v2\/users\/2"}],"replies":[{"embeddable":true,"href":"https:\/\/lametro989.com\/index.php?rest_route=%2Fwp%2Fv2%2Fcomments&post=767"}],"version-history":[{"count":1,"href":"https:\/\/lametro989.com\/index.php?rest_route=\/wp\/v2\/posts\/767\/revisions"}],"predecessor-version":[{"id":769,"href":"https:\/\/lametro989.com\/index.php?rest_route=\/wp\/v2\/posts\/767\/revisions\/769"}],"wp:featuredmedia":[{"embeddable":true,"href":"https:\/\/lametro989.com\/index.php?rest_route=\/wp\/v2\/media\/768"}],"wp:attachment":[{"href":"https:\/\/lametro989.com\/index.php?rest_route=%2Fwp%2Fv2%2Fmedia&parent=767"}],"wp:term":[{"taxonomy":"category","embeddable":true,"href":"https:\/\/lametro989.com\/index.php?rest_route=%2Fwp%2Fv2%2Fcategories&post=767"},{"taxonomy":"post_tag","embeddable":true,"href":"https:\/\/lametro989.com\/index.php?rest_route=%2Fwp%2Fv2%2Ftags&post=767"}],"curies":[{"name":"wp","href":"https:\/\/api.w.org\/{rel}","templated":true}]}}