{"id":770,"date":"2023-07-05T13:11:37","date_gmt":"2023-07-05T16:11:37","guid":{"rendered":"https:\/\/lametro989.com\/?p=770"},"modified":"2023-07-05T13:11:37","modified_gmt":"2023-07-05T16:11:37","slug":"la-procuracion-pidio-que-se-conforme-un-equipo-fiscal-para-investigar-los-arreglos-que-dice-la-carta-de-marcelina-sena","status":"publish","type":"post","link":"https:\/\/lametro989.com\/?p=770","title":{"rendered":"La Procuraci\u00f3n pidi\u00f3 que se conforme un Equipo Fiscal para investigar los &#8220;arreglos&#8221; que dice la carta de Marcelina Sena"},"content":{"rendered":"\n<p>El manuscrito que la hermana de Emerenciano pretendi\u00f3 pasarle al imputado desat\u00f3 un esc\u00e1ndalo por supuestos &#8220;arreglos&#8221;. El EFE busca que Procuraci\u00f3n General despeje dudas sobre la investigaci\u00f3n. <\/p>\n\n\n\n<figure class=\"wp-block-image size-full\"><img loading=\"lazy\" decoding=\"async\" width=\"300\" height=\"168\" src=\"https:\/\/lametro989.com\/wp-content\/uploads\/2023\/07\/image-3.png\" alt=\"\" class=\"wp-image-771\"\/><\/figure>\n\n\n\n<p>Este mi\u00e9rcoles&nbsp;<strong>a primera hora la Procuraci\u00f3n General requiri\u00f3 a la doctora Laura Vancorbeil, encargada del \u00c1rea de Intervenci\u00f3n Temprana la conformaci\u00f3n de un Equipo Fiscal Especial<\/strong>&nbsp;para que investigue la carta en la que la hermana de Emerenciano Sena afirma arreglos con una jueza de garant\u00edas.<\/p>\n\n\n\n<p>Este pedido fue realizado luego de que el procurador general, Jorge Canteros, pidiera al Equipo Fiscal Especial que lleva adelante la investigaci\u00f3n de la causa de Cecilia Strzyzowski un informe respecto a la carta.<\/p>\n\n\n\n<p>&#8220;Eme, Osuna tiene todo bajo control. Necesitamos que Marcela no haga ning\u00fan tipo de declaraci\u00f3n. Si Marcela declara, se hunden los tres.\u00a0<strong>Esas fueron sus palabras. Tambi\u00e9n me coment\u00f3 que puede llegar a haber un posible arreglo con una jueza de garant\u00edas de la Fiscal\u00eda N\u00b0 3<\/strong>&#8220;, comienza el escrito que los agentes secuestraron.<\/p>\n\n\n\n<p><strong>Estas acusaciones que expresa la carta causaron malestar y sorprendieron al \u00e1mbito de magistrados,<\/strong>&nbsp;ya que la jueza de Garant\u00edas n\u00famero 3 Rosal\u00eda Z\u00f3zzoli se encuentra de licencia, mientras que la encargada de la Fiscal\u00eda N\u00famero 3, Rosana Soto, no tiene injerencia en la causa.<\/p>\n\n\n\n<p>Por otro lado, en el caso de la Jueza de Garant\u00edas N\u00ba 1,&nbsp;<strong>Mar\u00eda de las Mercedes Pereyra<\/strong>, el juez de Garant\u00edas N\u00ba 4,&nbsp;<strong>Juan Carlos Codina<\/strong>, y la Jueza de Garant\u00edas N\u00ba 5,&nbsp;<strong>Mar\u00eda Bel\u00e9n Chapresto<\/strong>&nbsp;tampoco tienen vinculaci\u00f3n a la causa que investiga la desaparici\u00f3n y femicidio de Cecilia.<\/p>\n\n\n\n<p>El juzgado de Garant\u00edas N\u00ba 2 de Resistencia,&nbsp;<strong>a cargo de H\u00e9ctor Sandoval,<\/strong>&nbsp;es quien, si tiene vinculaci\u00f3n a la causa, ya que la defensa de Emerenciano Sena y Marcela Acu\u00f1a present\u00f3 el pasado viernes un recurso de oposici\u00f3n y&nbsp;<strong>ser\u00e1 Sandoval quien deber\u00e1 convocar a una audiencia para escuchar los argumentos que presentar\u00e1n los defensores.<\/strong><ins><\/ins><\/p>\n\n\n\n<h2 class=\"wp-block-heading\"><strong>COMUNICADO DEL PODER JUDICIAL<\/strong><\/h2>\n\n\n\n<p>La jueza de Garant\u00edas N\u00ba 1 de Resistencia, Mercedes Pereyra (\u00fanica jueza de garant\u00edas del fuero penal en ejercicio actualmente) y la fiscal de Investigaci\u00f3n N\u00ba 3,&nbsp;<strong>Rosana Soto, aclaran que no tienen intervenci\u00f3n en las causas por la muerte de Cecilia Strzyzowski.<\/strong><\/p>\n\n\n\n<p>En ese sentido recuerdan que el Equipo Fiscal Especial est\u00e1 conformado por los fiscales Jorge G\u00f3mez, Jorge C\u00e1ceres Olivera y Nelia Vel\u00e1zquez. Adem\u00e1s, el juez de Garant\u00edas N\u00ba 2, H\u00e9ctor Horacio Sandoval, interviene en la causa 22.632\/2023-1 &#8220;Sena, C\u00e9sar Alejandro y otros S\/ femicidio&#8221; y el juez de Garant\u00edas N\u00ba 4, Juan Calos Codina, lo hace en las causas 24.267\/2023 &#8220;Acu\u00f1a, Marcela Ver\u00f3nica S\/ Habeas Corpus&#8221; y 23.466\/2023-1 &#8220;Comisaria Tercera Metropolitana S\/ Eleva Actuaciones por secuestro impostergable&#8221;.<\/p>\n","protected":false},"excerpt":{"rendered":"<p>El manuscrito que la hermana de Emerenciano pretendi\u00f3 pasarle al imputado desat\u00f3 un esc\u00e1ndalo por supuestos &#8220;arreglos&#8221;. El EFE busca que Procuraci\u00f3n General despeje dudas&hellip; <\/p>\n","protected":false},"author":2,"featured_media":771,"comment_status":"open","ping_status":"open","sticky":false,"template":"","format":"standard","meta":{"footnotes":""},"categories":[9,2],"tags":[],"class_list":["post-770","post","type-post","status-publish","format-standard","has-post-thumbnail","hentry","category-destacadas","category-provinciales"],"_links":{"self":[{"href":"https:\/\/lametro989.com\/index.php?rest_route=\/wp\/v2\/posts\/770","targetHints":{"allow":["GET"]}}],"collection":[{"href":"https:\/\/lametro989.com\/index.php?rest_route=\/wp\/v2\/posts"}],"about":[{"href":"https:\/\/lametro989.com\/index.php?rest_route=\/wp\/v2\/types\/post"}],"author":[{"embeddable":true,"href":"https:\/\/lametro989.com\/index.php?rest_route=\/wp\/v2\/users\/2"}],"replies":[{"embeddable":true,"href":"https:\/\/lametro989.com\/index.php?rest_route=%2Fwp%2Fv2%2Fcomments&post=770"}],"version-history":[{"count":1,"href":"https:\/\/lametro989.com\/index.php?rest_route=\/wp\/v2\/posts\/770\/revisions"}],"predecessor-version":[{"id":772,"href":"https:\/\/lametro989.com\/index.php?rest_route=\/wp\/v2\/posts\/770\/revisions\/772"}],"wp:featuredmedia":[{"embeddable":true,"href":"https:\/\/lametro989.com\/index.php?rest_route=\/wp\/v2\/media\/771"}],"wp:attachment":[{"href":"https:\/\/lametro989.com\/index.php?rest_route=%2Fwp%2Fv2%2Fmedia&parent=770"}],"wp:term":[{"taxonomy":"category","embeddable":true,"href":"https:\/\/lametro989.com\/index.php?rest_route=%2Fwp%2Fv2%2Fcategories&post=770"},{"taxonomy":"post_tag","embeddable":true,"href":"https:\/\/lametro989.com\/index.php?rest_route=%2Fwp%2Fv2%2Ftags&post=770"}],"curies":[{"name":"wp","href":"https:\/\/api.w.org\/{rel}","templated":true}]}}