{"id":773,"date":"2023-07-05T13:18:13","date_gmt":"2023-07-05T16:18:13","guid":{"rendered":"https:\/\/lametro989.com\/?p=773"},"modified":"2023-07-05T13:18:13","modified_gmt":"2023-07-05T16:18:13","slug":"capitanich-inauguro-frigorifico-porcino-en-convenio-con-la-granja-la-felicidad","status":"publish","type":"post","link":"https:\/\/lametro989.com\/?p=773","title":{"rendered":"Capitanich inaugur\u00f3 frigor\u00edfico porcino en convenio con la Granja La Felicidad"},"content":{"rendered":"\n<p>Esta expansi\u00f3n permitir\u00e1 el crecimiento en el abastecimiento de los productos terminados no solo en el \u00e1rea Metropolitana sino tambi\u00e9n en otras ciudades de la regi\u00f3n.<\/p>\n\n\n\n<figure class=\"wp-block-image size-full\"><img loading=\"lazy\" decoding=\"async\" width=\"600\" height=\"460\" src=\"https:\/\/lametro989.com\/wp-content\/uploads\/2023\/07\/image-4.png\" alt=\"\" class=\"wp-image-774\" srcset=\"https:\/\/lametro989.com\/wp-content\/uploads\/2023\/07\/image-4.png 600w, https:\/\/lametro989.com\/wp-content\/uploads\/2023\/07\/image-4-300x230.png 300w\" sizes=\"auto, (max-width: 600px) 100vw, 600px\" \/><\/figure>\n\n\n\n<p>El establecimiento La Felicidad funciona en el paraje El Palmar, a 10 kil\u00f3metros de Resistencia, y con una inversi\u00f3n superior a 50 millones de pesos.<\/p>\n\n\n\n<p>El gobernador particip\u00f3 de la inauguraci\u00f3n del frigor\u00edfico propuesto por la Granja, que genera cerca de 30 puestos de trabajo directos e indirectos con el objetivo de expandir la capacidad productiva de la provincia.<\/p>\n","protected":false},"excerpt":{"rendered":"<p>Esta expansi\u00f3n permitir\u00e1 el crecimiento en el abastecimiento de los productos terminados no solo en el \u00e1rea Metropolitana sino tambi\u00e9n en otras ciudades de la&hellip; <\/p>\n","protected":false},"author":2,"featured_media":774,"comment_status":"open","ping_status":"open","sticky":false,"template":"","format":"standard","meta":{"footnotes":""},"categories":[9,2],"tags":[],"class_list":["post-773","post","type-post","status-publish","format-standard","has-post-thumbnail","hentry","category-destacadas","category-provinciales"],"_links":{"self":[{"href":"https:\/\/lametro989.com\/index.php?rest_route=\/wp\/v2\/posts\/773","targetHints":{"allow":["GET"]}}],"collection":[{"href":"https:\/\/lametro989.com\/index.php?rest_route=\/wp\/v2\/posts"}],"about":[{"href":"https:\/\/lametro989.com\/index.php?rest_route=\/wp\/v2\/types\/post"}],"author":[{"embeddable":true,"href":"https:\/\/lametro989.com\/index.php?rest_route=\/wp\/v2\/users\/2"}],"replies":[{"embeddable":true,"href":"https:\/\/lametro989.com\/index.php?rest_route=%2Fwp%2Fv2%2Fcomments&post=773"}],"version-history":[{"count":1,"href":"https:\/\/lametro989.com\/index.php?rest_route=\/wp\/v2\/posts\/773\/revisions"}],"predecessor-version":[{"id":775,"href":"https:\/\/lametro989.com\/index.php?rest_route=\/wp\/v2\/posts\/773\/revisions\/775"}],"wp:featuredmedia":[{"embeddable":true,"href":"https:\/\/lametro989.com\/index.php?rest_route=\/wp\/v2\/media\/774"}],"wp:attachment":[{"href":"https:\/\/lametro989.com\/index.php?rest_route=%2Fwp%2Fv2%2Fmedia&parent=773"}],"wp:term":[{"taxonomy":"category","embeddable":true,"href":"https:\/\/lametro989.com\/index.php?rest_route=%2Fwp%2Fv2%2Fcategories&post=773"},{"taxonomy":"post_tag","embeddable":true,"href":"https:\/\/lametro989.com\/index.php?rest_route=%2Fwp%2Fv2%2Ftags&post=773"}],"curies":[{"name":"wp","href":"https:\/\/api.w.org\/{rel}","templated":true}]}}