{"id":776,"date":"2023-07-05T13:19:48","date_gmt":"2023-07-05T16:19:48","guid":{"rendered":"https:\/\/lametro989.com\/?p=776"},"modified":"2023-07-05T13:19:48","modified_gmt":"2023-07-05T16:19:48","slug":"el-gobierno-aseguro-estamos-abiertos-al-dialogo-por-las-negociaciones-salariales-con-judiciales","status":"publish","type":"post","link":"https:\/\/lametro989.com\/?p=776","title":{"rendered":"El gobierno asegur\u00f3: &#8220;Estamos abiertos al di\u00e1logo&#8221; por las negociaciones salariales con judiciales"},"content":{"rendered":"\n<p>El vocero oficial del Gobierno provincial, Juan Manuel Chapo, brind\u00f3 esta ma\u00f1ana una conferencia de prensa en la que inform\u00f3, entre otros temas, sobre el cronograma de pagos provinciales y<strong>\u00a0las negociaciones salariales con los trabajadores judiciales, en este sentido asegur\u00f3: &#8220;Es cierto que va a haber un proceso de equiparaci\u00f3n salarial&#8221;.<\/strong><\/p>\n\n\n\n<figure class=\"wp-block-image\"><img decoding=\"async\" src=\"blob:https:\/\/lametro989.com\/8c86b6c1-6768-4e12-b12c-7baf443869e5\" alt=\"\"\/><\/figure>\n\n\n\n<p>Las negociaciones se deben&nbsp;<strong>a los reclamos de trabajadores judiciales y la equiparaci\u00f3n salarial con la media nacional y regional que solicitan.<\/strong><\/p>\n\n\n\n<p>En este sentido, Chapo confirm\u00f3 que en las pr\u00f3ximas horas<strong>\u00a0las autoridades del Poder Judicial ser\u00edan convocadas por el Ejecutivo<\/strong>\u00a0&#8220;en funci\u00f3n de que hoy estamos inmersos en el cumplimiento de una ley que establece la media regional. Esto dispara una cl\u00e1usula que ser\u00e1 en el mes de septiembre. Es decir, todav\u00eda estamos en tiempo&#8221;.<\/p>\n\n\n\n<p>Y con relaci\u00f3n a la media nacional, el vocero record\u00f3:&nbsp;<strong>&#8220;Lo que establece la ley es la conformaci\u00f3n de una mesa t\u00e9cnica para analizar en el marco del presupuesto provincial esta posibilidad. La provincia est\u00e1 dialogando y va a dialogar con todos los sectores&#8221;.<\/strong><\/p>\n","protected":false},"excerpt":{"rendered":"<p>El vocero oficial del Gobierno provincial, Juan Manuel Chapo, brind\u00f3 esta ma\u00f1ana una conferencia de prensa en la que inform\u00f3, entre otros temas, sobre el&hellip; <\/p>\n","protected":false},"author":2,"featured_media":777,"comment_status":"open","ping_status":"open","sticky":false,"template":"","format":"standard","meta":{"footnotes":""},"categories":[5],"tags":[],"class_list":["post-776","post","type-post","status-publish","format-standard","has-post-thumbnail","hentry","category-politica"],"_links":{"self":[{"href":"https:\/\/lametro989.com\/index.php?rest_route=\/wp\/v2\/posts\/776","targetHints":{"allow":["GET"]}}],"collection":[{"href":"https:\/\/lametro989.com\/index.php?rest_route=\/wp\/v2\/posts"}],"about":[{"href":"https:\/\/lametro989.com\/index.php?rest_route=\/wp\/v2\/types\/post"}],"author":[{"embeddable":true,"href":"https:\/\/lametro989.com\/index.php?rest_route=\/wp\/v2\/users\/2"}],"replies":[{"embeddable":true,"href":"https:\/\/lametro989.com\/index.php?rest_route=%2Fwp%2Fv2%2Fcomments&post=776"}],"version-history":[{"count":1,"href":"https:\/\/lametro989.com\/index.php?rest_route=\/wp\/v2\/posts\/776\/revisions"}],"predecessor-version":[{"id":778,"href":"https:\/\/lametro989.com\/index.php?rest_route=\/wp\/v2\/posts\/776\/revisions\/778"}],"wp:featuredmedia":[{"embeddable":true,"href":"https:\/\/lametro989.com\/index.php?rest_route=\/wp\/v2\/media\/777"}],"wp:attachment":[{"href":"https:\/\/lametro989.com\/index.php?rest_route=%2Fwp%2Fv2%2Fmedia&parent=776"}],"wp:term":[{"taxonomy":"category","embeddable":true,"href":"https:\/\/lametro989.com\/index.php?rest_route=%2Fwp%2Fv2%2Fcategories&post=776"},{"taxonomy":"post_tag","embeddable":true,"href":"https:\/\/lametro989.com\/index.php?rest_route=%2Fwp%2Fv2%2Ftags&post=776"}],"curies":[{"name":"wp","href":"https:\/\/api.w.org\/{rel}","templated":true}]}}