{"id":779,"date":"2023-07-05T13:24:32","date_gmt":"2023-07-05T16:24:32","guid":{"rendered":"https:\/\/lametro989.com\/?p=779"},"modified":"2023-07-05T13:24:32","modified_gmt":"2023-07-05T16:24:32","slug":"oficial-carlo-ancelotti-dirigira-a-la-seleccion-de-brasil","status":"publish","type":"post","link":"https:\/\/lametro989.com\/?p=779","title":{"rendered":"Oficial: Carlo Ancelotti dirigir\u00e1 a la Selecci\u00f3n de Brasil"},"content":{"rendered":"\n<p><strong>Bomba: la Selecci\u00f3n de Brasil ser\u00e1 dirigida por Carlo Ancelotti en la Copa Am\u00e9rica 2024.\u00a0<\/strong>Ednaldo Rodr\u00edguez, presidente de la Confederaci\u00f3n de Brasil, revel\u00f3 en las \u00faltimas horas:\u00a0<strong>\u201cDiniz es el entrenador y va a conciliar el Fluminense y la selecci\u00f3n durante ese tiempo.<\/strong>\u00a0Para nosotros es el t\u00e9cnico de la selecci\u00f3n brasile\u00f1a, no es interino. Tiene un contrato de 12 meses de duraci\u00f3n.\u00a0<strong>Har\u00e1 la transici\u00f3n a Ancelotti, que llegar\u00e1 para la Copa Am\u00e9rica&#8221;.<\/strong><\/p>\n\n\n\n<figure class=\"wp-block-image size-full\"><img loading=\"lazy\" decoding=\"async\" width=\"249\" height=\"144\" src=\"https:\/\/lametro989.com\/wp-content\/uploads\/2023\/07\/image-7.png\" alt=\"\" class=\"wp-image-781\"\/><\/figure>\n\n\n\n<p>De esta manera,\u00a0<strong>Ancelotti dirigir\u00e1 su \u00faltima temporada en el Real Madrid y cumplir\u00e1 su contrato con el Merengue. Luego, comandar\u00e1 a la \u2018Canarinha\u2019\u00a0<\/strong>en la Copa Am\u00e9rica 2024, que comienza el 20 de junio en Estados Unidos. \u201cLa realidad es que me quieren, eso me encanta y me hace mucha ilusi\u00f3n&#8221;, cont\u00f3 el t\u00e9cnico italiano hace un tiempo. Hasta la llegada de Ancelotti, el brasile\u00f1o Diniz, DT de Fluminense, se har\u00e1 cargo de la pentacampeona. \u201cEs un sue\u00f1o para cualquiera\u201d, declar\u00f3 Diniz, quien ocupa el lugar del saliente Tit\u00e9.<\/p>\n\n\n\n<p>El presidente de la Confederaci\u00f3n Brasile\u00f1a de F\u00fatbol fue desde el primer momento por Ancelotti, quien es uno de los mejores entrenadores de la historia del f\u00fatbol. Desde el primer momento tuvo claro que quer\u00eda al italiano como seleccionador de la \u2018canarinha\u2019. No dud\u00f3, ni si quiera le ech\u00f3 para atr\u00e1s su vinculaci\u00f3n con el Real Madrid, era su primera opci\u00f3n y estaba convencido de que acabar\u00eda firmando.<\/p>\n\n\n\n<p>Ahora,&nbsp;<strong>Xabi Alonso y Ra\u00fal son los primeros candidatos para asumir como entrenador del Real Madrid para la temporada 24\/25 cuando se marche Ancelotti.&nbsp;<\/strong>Alonso est\u00e1 dirigiendo el Bayer Leverkusen, al cual agarr\u00f3 en un mal momento y ahora lo clasific\u00f3 a la Europa League. Por su parte, Ra\u00fal, uno de los m\u00e1ximos \u00eddolos de la instituci\u00f3n, est\u00e1 al mando del Real Madrid Castilla, el equipo filial del club que realiz\u00f3 una gran campa\u00f1a y finaliz\u00f3 tercero en su zona en la Tercera Divisi\u00f3n del f\u00fatbol espa\u00f1ol.<\/p>\n","protected":false},"excerpt":{"rendered":"<p>Bomba: la Selecci\u00f3n de Brasil ser\u00e1 dirigida por Carlo Ancelotti en la Copa Am\u00e9rica 2024.\u00a0Ednaldo Rodr\u00edguez, presidente de la Confederaci\u00f3n de Brasil, revel\u00f3 en las&hellip; <\/p>\n","protected":false},"author":2,"featured_media":780,"comment_status":"open","ping_status":"open","sticky":false,"template":"","format":"standard","meta":{"footnotes":""},"categories":[13],"tags":[],"class_list":["post-779","post","type-post","status-publish","format-standard","has-post-thumbnail","hentry","category-nacionales"],"_links":{"self":[{"href":"https:\/\/lametro989.com\/index.php?rest_route=\/wp\/v2\/posts\/779","targetHints":{"allow":["GET"]}}],"collection":[{"href":"https:\/\/lametro989.com\/index.php?rest_route=\/wp\/v2\/posts"}],"about":[{"href":"https:\/\/lametro989.com\/index.php?rest_route=\/wp\/v2\/types\/post"}],"author":[{"embeddable":true,"href":"https:\/\/lametro989.com\/index.php?rest_route=\/wp\/v2\/users\/2"}],"replies":[{"embeddable":true,"href":"https:\/\/lametro989.com\/index.php?rest_route=%2Fwp%2Fv2%2Fcomments&post=779"}],"version-history":[{"count":1,"href":"https:\/\/lametro989.com\/index.php?rest_route=\/wp\/v2\/posts\/779\/revisions"}],"predecessor-version":[{"id":782,"href":"https:\/\/lametro989.com\/index.php?rest_route=\/wp\/v2\/posts\/779\/revisions\/782"}],"wp:featuredmedia":[{"embeddable":true,"href":"https:\/\/lametro989.com\/index.php?rest_route=\/wp\/v2\/media\/780"}],"wp:attachment":[{"href":"https:\/\/lametro989.com\/index.php?rest_route=%2Fwp%2Fv2%2Fmedia&parent=779"}],"wp:term":[{"taxonomy":"category","embeddable":true,"href":"https:\/\/lametro989.com\/index.php?rest_route=%2Fwp%2Fv2%2Fcategories&post=779"},{"taxonomy":"post_tag","embeddable":true,"href":"https:\/\/lametro989.com\/index.php?rest_route=%2Fwp%2Fv2%2Ftags&post=779"}],"curies":[{"name":"wp","href":"https:\/\/api.w.org\/{rel}","templated":true}]}}