{"id":784,"date":"2023-07-05T23:30:11","date_gmt":"2023-07-06T02:30:11","guid":{"rendered":"https:\/\/lametro989.com\/?p=784"},"modified":"2023-07-05T23:30:22","modified_gmt":"2023-07-06T02:30:22","slug":"9-de-julio-el-acto-central-sera-en-el-espinillo-y-preparan-una-gala-artistica-en-la-vispera","status":"publish","type":"post","link":"https:\/\/lametro989.com\/?p=784","title":{"rendered":"9 de julio: el acto central ser\u00e1 en El Espinillo y preparan una gala art\u00edstica en la v\u00edspera"},"content":{"rendered":"\n<p>En Resistencia se recibir\u00e1 el 207\u00b0 a\u00f1os de la Declaraci\u00f3n de la Independencia Argentina con un evento cultural y en el acto central del domingo se inagurar\u00e1n obras de infraestructura para El Impenetrable.\u00a0<\/p>\n\n\n\n<figure class=\"wp-block-image size-full\"><img loading=\"lazy\" decoding=\"async\" width=\"1024\" height=\"683\" src=\"https:\/\/lametro989.com\/wp-content\/uploads\/2023\/07\/imagen-50.png\" alt=\"\" class=\"wp-image-785\" srcset=\"https:\/\/lametro989.com\/wp-content\/uploads\/2023\/07\/imagen-50.png 1024w, https:\/\/lametro989.com\/wp-content\/uploads\/2023\/07\/imagen-50-300x200.png 300w, https:\/\/lametro989.com\/wp-content\/uploads\/2023\/07\/imagen-50-768x512.png 768w\" sizes=\"auto, (max-width: 1024px) 100vw, 1024px\" \/><\/figure>\n\n\n\n<p>El acto central por el D\u00eda de la Independencia, este domingo 9 de julio, ser\u00e1 en El Espinillo y preparan una gala art\u00edstica en la v\u00edspera en el Complejo Cultural Guido Miranda. Del acto participar\u00e1 el Gobernador e inaugurar\u00e1 obras en la zona.<\/p>\n\n\n\n<p><strong>El acto central por los 207\u00b0 a\u00f1os de la Declaraci\u00f3n de la Independencia Argentina,&nbsp;se realizar\u00e1 desde las 10.30 en la localidad de El Espinillo con presencia del gobernador Jorge Milton Capitanich y dem\u00e1s autoridades provinciales y locales.&nbsp;<\/strong>Previo al acto, el Gobernador y su comitiva inaugurar\u00e1n obras de infraestructura en la localidad y tambi\u00e9n en Fuerte Esperanza.<\/p>\n\n\n\n<h3 class=\"wp-block-heading\">Actividad cultural en la v\u00edspera<\/h3>\n\n\n\n<p><strong>Por su parte, el Instituto de Cultura prepara una gala art\u00edstica para la v\u00edspera del 9 de julio. Ser\u00e1 el s\u00e1bado 8 de julio a las 21.30 en el Complejo Cultural Guido Miranda.<\/strong><\/p>\n\n\n\n<p>\u201cLa velada ha sido pensada y articulada en contenidos desde los principios de pluralidad, visibilidad, representatividad e interculturalidad, en forma colaborativa entre el Guido Miranda, el Centro Cultural Italo Argentino, la Direcci\u00f3n de Elencos Estables a trav\u00e9s del Ballet Contempor\u00e1neo del Chaco y el Coro Qom Chelaalap\u00ed, los Departamentos de Letras y de Teatro, todos pertenecientes al Instituto de Cultura del Chaco\u201d, indicaron desde la cartera.<\/p>\n\n\n\n<p>Del evento con entradas gratuitas participar\u00e1n el Ballet Contempor\u00e1neo del Chaco; Danza Identidad; Escuela Municipal de Folklore \u201cPatria y Tradici\u00f3n\u201d, Puerto Tirol; Pareja de danza Anal\u00eda C. G\u00f3mez y Nahuel Mansilla. Tambi\u00e9n Norma Zalazar y N\u00e9stor Roa; Marcelo Nieto y el Coro Qom Chelaalapi.<\/p>\n\n\n\n<p><strong>Sobre las entradas, el Complejo Cultural Guido Miranda explic\u00f3 que ser\u00e1 hasta agotar capacidad de sala, y se pueden retirar de boleter\u00eda del teatro, el mismo d\u00eda de la funci\u00f3n a partir de las 17.<\/strong><\/p>\n","protected":false},"excerpt":{"rendered":"<p>En Resistencia se recibir\u00e1 el 207\u00b0 a\u00f1os de la Declaraci\u00f3n de la Independencia Argentina con un evento cultural y en el acto central del domingo&hellip; <\/p>\n","protected":false},"author":2,"featured_media":785,"comment_status":"open","ping_status":"open","sticky":false,"template":"","format":"standard","meta":{"footnotes":""},"categories":[9,2],"tags":[],"class_list":["post-784","post","type-post","status-publish","format-standard","has-post-thumbnail","hentry","category-destacadas","category-provinciales"],"_links":{"self":[{"href":"https:\/\/lametro989.com\/index.php?rest_route=\/wp\/v2\/posts\/784","targetHints":{"allow":["GET"]}}],"collection":[{"href":"https:\/\/lametro989.com\/index.php?rest_route=\/wp\/v2\/posts"}],"about":[{"href":"https:\/\/lametro989.com\/index.php?rest_route=\/wp\/v2\/types\/post"}],"author":[{"embeddable":true,"href":"https:\/\/lametro989.com\/index.php?rest_route=\/wp\/v2\/users\/2"}],"replies":[{"embeddable":true,"href":"https:\/\/lametro989.com\/index.php?rest_route=%2Fwp%2Fv2%2Fcomments&post=784"}],"version-history":[{"count":2,"href":"https:\/\/lametro989.com\/index.php?rest_route=\/wp\/v2\/posts\/784\/revisions"}],"predecessor-version":[{"id":787,"href":"https:\/\/lametro989.com\/index.php?rest_route=\/wp\/v2\/posts\/784\/revisions\/787"}],"wp:featuredmedia":[{"embeddable":true,"href":"https:\/\/lametro989.com\/index.php?rest_route=\/wp\/v2\/media\/785"}],"wp:attachment":[{"href":"https:\/\/lametro989.com\/index.php?rest_route=%2Fwp%2Fv2%2Fmedia&parent=784"}],"wp:term":[{"taxonomy":"category","embeddable":true,"href":"https:\/\/lametro989.com\/index.php?rest_route=%2Fwp%2Fv2%2Fcategories&post=784"},{"taxonomy":"post_tag","embeddable":true,"href":"https:\/\/lametro989.com\/index.php?rest_route=%2Fwp%2Fv2%2Ftags&post=784"}],"curies":[{"name":"wp","href":"https:\/\/api.w.org\/{rel}","templated":true}]}}