{"id":788,"date":"2023-07-05T23:39:05","date_gmt":"2023-07-06T02:39:05","guid":{"rendered":"https:\/\/lametro989.com\/?p=788"},"modified":"2023-07-05T23:39:05","modified_gmt":"2023-07-06T02:39:05","slug":"francia-busca-limitar-el-alcance-de-las-redes-sociales","status":"publish","type":"post","link":"https:\/\/lametro989.com\/?p=788","title":{"rendered":"Francia busca limitar el alcance de las redes sociales"},"content":{"rendered":"\n<p>El presidente franc\u00e9s expres\u00f3 que &#8220;Hay que reflexionar sobre el uso de estas redes entre los m\u00e1s j\u00f3venes, en las familias&#8221;, la oposici\u00f3n desde distintas tendencias critic\u00f3 duramente la iniciativa.<\/p>\n\n\n\n<figure class=\"wp-block-image size-full\"><img loading=\"lazy\" decoding=\"async\" width=\"123\" height=\"160\" src=\"https:\/\/lametro989.com\/wp-content\/uploads\/2023\/07\/imagen-55.png\" alt=\"\" class=\"wp-image-793\"\/><\/figure>\n\n\n\n<p>El <strong>Gobierno franc\u00e9s abog\u00f3 este mi\u00e9rcoles por &#8220;suspender&#8221; algunas de las funciones de las redes sociales pero descart\u00f3 querer aplicar un &#8220;apag\u00f3n generalizado&#8221; en caso de disturbios<\/strong>, tras pol\u00e9micas declaraciones que hizo este martes el presidente Emmanuel Macron en medio de una ola de protestas por un caso de &#8220;gatillo f\u00e1cil&#8221; policial contra un adolescente de 17 a\u00f1os.<\/p>\n\n\n\n<p>Durante una reuni\u00f3n el martes con alcaldes de decenas de localidades golpeadas por los disturbios de la \u00faltima semana, <strong>Macron habl\u00f3 de la posibilidad de &#8220;regular o cortar&#8221; las redes sociales en los casos m\u00e1s extremos.<\/strong><\/p>\n\n\n\n<p>&#8220;Hay que reflexionar sobre el uso de estas redes entre los m\u00e1s j\u00f3venes, en las familias, en la escuela, sobre las prohibiciones que debemos adoptar&#8221;, asegur\u00f3 Macron en declaraciones confirmadas por su oficina, de acuerdo con la agencia de noticias francesa AFP.<\/p>\n\n\n\n<p>&#8220;Cuando las cosas se nos van de las manos durante un tiempo, nos decimos: A lo mejor nos estamos poniendo en una situaci\u00f3n de regularlas o cortarlas (&#8230;) Es importante no hacerlo de improviso. Me alegro de que no hayamos tenido que hacerlo&#8221;, agreg\u00f3.<\/p>\n\n\n\n<p><strong>La clase pol\u00edtica critic\u00f3 esta idea<\/strong>. &#8220;\u00bfCortar el acceso a las redes sociales? \u00bfComo China, Ir\u00e1n, Corea del Norte?&#8221;, asegur\u00f3 el diputado derechista Olivier Marleix. &#8220;OK Kim Jong Un&#8221;, abund\u00f3 ir\u00f3nicamente su par izquierdista Mathilde Panot.<\/p>\n\n\n\n<p><strong>La presidencia francesa indic\u00f3 que Macron no dijo &#8220;en ning\u00fan momento que se planteara cortar las redes sociales en el sentido de un apag\u00f3n generalizado&#8221;, sino que se refiri\u00f3 a &#8220;poder suspender(las) temporal y puntualmente&#8221;.<\/strong><\/p>\n\n\n\n<p>Preguntado en rueda de prensa al t\u00e9rmino de una reuni\u00f3n del Consejo de Ministros, el vocero del gobierno, Olivier V\u00e9ran, indic\u00f3 por su parte que se tratar\u00eda de <strong>&#8220;suspender&#8221; algunas funciones como la geolocalizaci\u00f3n<\/strong>.<\/p>\n\n\n\n<p>En su opini\u00f3n, esta funci\u00f3n permite &#8220;a los j\u00f3venes reunirse en un lugar determinado, mostrando escenas de c\u00f3mo prender fuego&#8221;.<\/p>\n\n\n\n<p>&#8220;Son llamados a organizar el odio en el espacio p\u00fablico y aqu\u00ed se tiene autoridad para poder suspender&#8221;, agreg\u00f3.<\/p>\n\n\n\n<p>Poco despu\u00e9s, las redes sociales en Francia retiraron &#8220;muy r\u00e1pidamente miles de contenidos il\u00edcitos y suspendieron centenares de cuentas&#8221;.<\/p>\n\n\n\n<h3 class=\"wp-block-heading\">Solicitaron retirar contenidos il\u00edcitos<\/h3>\n\n\n\n<p><strong>Los ministerios del Interior y de Justicia enviaron centenares de solicitudes a las grandes plataformas para cancelar contenidos il\u00edcitos<\/strong>, como llamamientos a actos violentos o divulgaci\u00f3n de datos personales de polic\u00edas.<\/p>\n\n\n\n<p>Los ministros de esas carteras convocaron el viernes a los representantes de TikTok, Snapchat, Twitter y Meta (Facebook e Instagram) y desde entonces &#8220;<strong>los hemos sometido a una enorme presi\u00f3n para que retiren contenidos il\u00edcitos y ellos respondieron muy r\u00e1pidamente a las solicitudes&#8221;, precis\u00f3 la fuente.<\/strong><\/p>\n\n\n\n<p>La colaboraci\u00f3n con las plataformas &#8220;fue muy buena&#8221;, indic\u00f3 la fuente.<\/p>\n\n\n\n<p>El gobierno tambi\u00e9n pidi\u00f3 a las plataformas ejercer &#8220;la m\u00e1xima vigilancia sobre funcionalidades que pueden ser desviadas para alterar el orden p\u00fablico&#8221;, explic\u00f3 a la revista Challenges el ministro delegado de la Transici\u00f3n Digital y de las Telecomunicaciones, Jean-No\u00ebl Barrot.<\/p>\n\n\n\n<p><strong>Cuando un fiscal o la polic\u00eda piden retirar un contenido, usan formularios de tramitaci\u00f3n r\u00e1pida y el caso puede resolverse &#8220;en menos de una hora&#8221;, agreg\u00f3.<\/strong><\/p>\n\n\n\n<p>El 27 de junio, la muerte de un joven de 17 a\u00f1os baleado por la polic\u00eda durante un control de tr\u00e1nsito en un suburbio de Par\u00eds provoc\u00f3 un estallido de violencia con miles de detenidos y autos quemados, que se calm\u00f3 paulatinamente en las \u00faltimas noches.<\/p>\n\n\n\n<p><strong><em>Fuente: T\u00e9lam<\/em><\/strong><\/p>\n","protected":false},"excerpt":{"rendered":"<p>El presidente franc\u00e9s expres\u00f3 que &#8220;Hay que reflexionar sobre el uso de estas redes entre los m\u00e1s j\u00f3venes, en las familias&#8221;, la oposici\u00f3n desde distintas&hellip; <\/p>\n","protected":false},"author":2,"featured_media":793,"comment_status":"open","ping_status":"open","sticky":false,"template":"","format":"standard","meta":{"footnotes":""},"categories":[5],"tags":[],"class_list":["post-788","post","type-post","status-publish","format-standard","has-post-thumbnail","hentry","category-politica"],"_links":{"self":[{"href":"https:\/\/lametro989.com\/index.php?rest_route=\/wp\/v2\/posts\/788","targetHints":{"allow":["GET"]}}],"collection":[{"href":"https:\/\/lametro989.com\/index.php?rest_route=\/wp\/v2\/posts"}],"about":[{"href":"https:\/\/lametro989.com\/index.php?rest_route=\/wp\/v2\/types\/post"}],"author":[{"embeddable":true,"href":"https:\/\/lametro989.com\/index.php?rest_route=\/wp\/v2\/users\/2"}],"replies":[{"embeddable":true,"href":"https:\/\/lametro989.com\/index.php?rest_route=%2Fwp%2Fv2%2Fcomments&post=788"}],"version-history":[{"count":1,"href":"https:\/\/lametro989.com\/index.php?rest_route=\/wp\/v2\/posts\/788\/revisions"}],"predecessor-version":[{"id":794,"href":"https:\/\/lametro989.com\/index.php?rest_route=\/wp\/v2\/posts\/788\/revisions\/794"}],"wp:featuredmedia":[{"embeddable":true,"href":"https:\/\/lametro989.com\/index.php?rest_route=\/wp\/v2\/media\/793"}],"wp:attachment":[{"href":"https:\/\/lametro989.com\/index.php?rest_route=%2Fwp%2Fv2%2Fmedia&parent=788"}],"wp:term":[{"taxonomy":"category","embeddable":true,"href":"https:\/\/lametro989.com\/index.php?rest_route=%2Fwp%2Fv2%2Fcategories&post=788"},{"taxonomy":"post_tag","embeddable":true,"href":"https:\/\/lametro989.com\/index.php?rest_route=%2Fwp%2Fv2%2Ftags&post=788"}],"curies":[{"name":"wp","href":"https:\/\/api.w.org\/{rel}","templated":true}]}}