{"id":795,"date":"2023-07-05T23:49:53","date_gmt":"2023-07-06T02:49:53","guid":{"rendered":"https:\/\/lametro989.com\/?p=795"},"modified":"2023-07-05T23:49:53","modified_gmt":"2023-07-06T02:49:53","slug":"no-hay-superclasico-que-le-toco-a-boca-y-a-river-en-octavos-de-la-copa","status":"publish","type":"post","link":"https:\/\/lametro989.com\/?p=795","title":{"rendered":"No hay supercl\u00e1sico, \u00bfqu\u00e9 le toc\u00f3 a Boca y a River en octavos de la Copa?"},"content":{"rendered":"\n<p>La Conmebol celebr\u00f3 hoy el sorteo de los octavos de final de la Copa Libertadores, en los que Boca y River se enfrentar\u00e1n a Nacional de Uruguay e Inter de Brasil, respectivamente.<\/p>\n\n\n\n<figure class=\"wp-block-image size-full\"><img loading=\"lazy\" decoding=\"async\" width=\"696\" height=\"392\" src=\"https:\/\/lametro989.com\/wp-content\/uploads\/2023\/07\/imagen-56.png\" alt=\"\" class=\"wp-image-796\" srcset=\"https:\/\/lametro989.com\/wp-content\/uploads\/2023\/07\/imagen-56.png 696w, https:\/\/lametro989.com\/wp-content\/uploads\/2023\/07\/imagen-56-300x169.png 300w\" sizes=\"auto, (max-width: 696px) 100vw, 696px\" \/><\/figure>\n\n\n\n<p>Los otros cruces de equipos argentinos ser\u00e1n Racing contra Atl\u00e9tico Nacional de Medell\u00edn y Argentinos Juniors ante Fluminense de Brasil.<\/p>\n\n\n\n<p>En el caso de Boca y Racing, que se podr\u00e1n ver las caras en cuartos de final, definir\u00e1n en condici\u00f3n de local por haber terminado como primeros de sus zonas.<\/p>\n\n\n\n<p>A su vez, el Supercl\u00e1sico entre Boca y River solamente podr\u00eda darse en una final.<\/p>\n\n\n\n<p><\/p>\n\n\n\n<p>El suspenso se baraj\u00f3 hasta el \u00faltimo momento, ya que la bolilla de River sali\u00f3 ante\u00faltima cuando quedaban Boca e Inter en el otro cop\u00f3n.<\/p>\n\n\n\n<p>Los octavos de final se jugar\u00e1n entre el 1\u00b0 de agosto y el 10 del mismo mes, ida y vuelta, respectivamente. Esto tomar\u00e1 a los equipos argentinos sin competici\u00f3n local porque la Liga Profesional de F\u00fatbol finalizar\u00e1 el \u00faltimo fin de semana de julio.<\/p>\n\n\n\n<p>En la antesala del sorteo se reclam\u00f3 contra el racismo en los estadios de f\u00fatbol en la palabra del presidente de Conmebol, Alejandro Dom\u00ednguez, quien pidi\u00f3 por un deporte &#8220;libre de racismo&#8221;.<\/p>\n\n\n\n<p>En el pedido se enfoc\u00f3 en los hinchas, en los organizadores y tambi\u00e9n en los protagonistas.<\/p>\n\n\n\n<p>Adem\u00e1s, Dom\u00ednguez sostuvo que los ingresos de la Copa Libertadores y de la Copa Sudamericana tuvieron &#8220;ingresos altos&#8221;, con incentivos &#8220;millonarios&#8221; de hasta un mill\u00f3n de d\u00f3lares para cada campe\u00f3n de competiciones locales de las Confederaciones y Asociaciones afiliadas.<\/p>\n\n\n\n<p>La celebraci\u00f3n comenz\u00f3 con los nombres de los equipos correspondientes al bombo 1, que eran todos los primeros en la zona de grupo, y posteriormente se extrajeron los clubes ubicados en el bombo 2 -finalizaron segundos en la previa-.<\/p>\n\n\n\n<p>El bombo 1 lo integraron Palmeiras (15 puntos y +8 de diferencia de gol), Olimpia (14 puntos y +9), Racing (13 y +7), Boca (13 y +7), A. Paranaense (13 y +4), Independiente del Valle (12 y +5), Inter (12 y +4) y Fluminense 10 (+4).<\/p>\n\n\n\n<p>El segundo lo constituyeron Bol\u00edvar (12 puntos y +4), Flamengo (11 y +6), Nacional (11 y +2), Argentinos (11 y +2), Atl\u00e9tico Mineiro (10 puntos y +2), River (10 y 0), Atl\u00e9tico Nacional (10 y 0) y Pereira (8 y 0).<\/p>\n\n\n\n<p>El posicionamiento en la tabla general en la primera ronda determin\u00f3 c\u00f3mo definir\u00e1n sus cruces en las fases de octavos, cuartos y semifinales, ya que la final se jugar\u00e1 en sede \u00fanica el s\u00e1bado 4 de noviembre, en el Estadio Maracan\u00e1 de R\u00edo de Janeiro.<\/p>\n\n\n\n<p>En el ranking de m\u00e1ximos ganadores, Independiente sigue como l\u00edder con 7 vueltas ol\u00edmpicas y por detr\u00e1s est\u00e1n Boca Juniors (6); Pe\u00f1arol de Montevideo (5); Estudiantes de La Plata y River Plate (4); Olimpia de Paraguay, San Pablo, Santos, Flamengo y Palmeiras de Brasil (3); Cruzeiro e Inter de Brasil y Atl\u00e9tico Nacional de Colombia (2); Argentinos Juniors, San Lorenzo, Racing Club, V\u00e9lez, Colo Colo de Chile, Liga de Quito de Ecuador, Once Caldas de Colombia, Atl\u00e9tico Mineiro, Vasco da Gama y Corithians de Brasil (1).<\/p>\n\n\n\n<h6 class=\"wp-block-heading\"><strong>CRUCES<\/strong><\/h6>\n\n\n\n<p>Palmeiras (Brasil) vs. Atl\u00e9tico Mineiro (Brasil)<\/p>\n\n\n\n<p>Olimpia (Paraguay) vs. Flamengo (Brasil)<\/p>\n\n\n\n<p>Boca (Argentina) vs. Nacional (Uruguay)<\/p>\n\n\n\n<p>Racing (Argentina) vs. Atl\u00e9tico Nacional (Colombia)<\/p>\n\n\n\n<p>Paranaense (Brasil) vs. Bol\u00edvar (Bolivia)<\/p>\n\n\n\n<p>Independiente del Valle (Ecuador) vs. Deportivo Pereira (Colombia).<\/p>\n\n\n\n<p>Internacional (Brasil) vs. River Plate (Argentina)<\/p>\n\n\n\n<p>Fluminense (Brasil) vs. Argentinos Juniors (Argentina)<\/p>\n\n\n\n<h6 class=\"wp-block-heading\"><strong>CALENDARIO<\/strong><\/h6>\n\n\n\n<p>Octavos de final: martes 1 de agosto al jueves 3 de agosto (ida); martes 8 de agosto al jueves 10 de agosto (vuelta).<\/p>\n\n\n\n<p>Cuartos de final: martes 22 de agosto al jueves 24 de agosto (ida); martes 29 de agosto al 31 de agosto (vuelta).<\/p>\n\n\n\n<p>Semifinales: martes 26 y mi\u00e9rcoles 27 de septiembre (ida); martes 5 y mi\u00e9rcoles 6 de octubre (vuelta).<\/p>\n\n\n\n<p>Final: s\u00e1bado 4 de noviembre en el Estadio Maracan\u00e1 de R\u00edo de Janeiro, de Brasil<\/p>\n","protected":false},"excerpt":{"rendered":"<p>La Conmebol celebr\u00f3 hoy el sorteo de los octavos de final de la Copa Libertadores, en los que Boca y River se enfrentar\u00e1n a Nacional&hellip; <\/p>\n","protected":false},"author":2,"featured_media":796,"comment_status":"open","ping_status":"open","sticky":false,"template":"","format":"standard","meta":{"footnotes":""},"categories":[10],"tags":[],"class_list":["post-795","post","type-post","status-publish","format-standard","has-post-thumbnail","hentry","category-deportes"],"_links":{"self":[{"href":"https:\/\/lametro989.com\/index.php?rest_route=\/wp\/v2\/posts\/795","targetHints":{"allow":["GET"]}}],"collection":[{"href":"https:\/\/lametro989.com\/index.php?rest_route=\/wp\/v2\/posts"}],"about":[{"href":"https:\/\/lametro989.com\/index.php?rest_route=\/wp\/v2\/types\/post"}],"author":[{"embeddable":true,"href":"https:\/\/lametro989.com\/index.php?rest_route=\/wp\/v2\/users\/2"}],"replies":[{"embeddable":true,"href":"https:\/\/lametro989.com\/index.php?rest_route=%2Fwp%2Fv2%2Fcomments&post=795"}],"version-history":[{"count":1,"href":"https:\/\/lametro989.com\/index.php?rest_route=\/wp\/v2\/posts\/795\/revisions"}],"predecessor-version":[{"id":797,"href":"https:\/\/lametro989.com\/index.php?rest_route=\/wp\/v2\/posts\/795\/revisions\/797"}],"wp:featuredmedia":[{"embeddable":true,"href":"https:\/\/lametro989.com\/index.php?rest_route=\/wp\/v2\/media\/796"}],"wp:attachment":[{"href":"https:\/\/lametro989.com\/index.php?rest_route=%2Fwp%2Fv2%2Fmedia&parent=795"}],"wp:term":[{"taxonomy":"category","embeddable":true,"href":"https:\/\/lametro989.com\/index.php?rest_route=%2Fwp%2Fv2%2Fcategories&post=795"},{"taxonomy":"post_tag","embeddable":true,"href":"https:\/\/lametro989.com\/index.php?rest_route=%2Fwp%2Fv2%2Ftags&post=795"}],"curies":[{"name":"wp","href":"https:\/\/api.w.org\/{rel}","templated":true}]}}